{"id":3126,"date":"2023-12-10T19:06:40","date_gmt":"2023-12-10T18:06:40","guid":{"rendered":"https:\/\/sv-koerne83.de\/wordpress\/?p=3126"},"modified":"2023-12-10T19:06:41","modified_gmt":"2023-12-10T18:06:41","slug":"2-platz-beim-heessener-wintercup","status":"publish","type":"post","link":"https:\/\/sv-koerne83.de\/wordpress\/2023\/12\/10\/2-platz-beim-heessener-wintercup\/","title":{"rendered":"2. Platz beim Heessener Wintercup"},"content":{"rendered":"\n<p>Unser Frauenteam konnte gestern den Heessener Wintercup als zweiter Sieger abschlie\u00dfen.<\/p>\n\n\n\n<p>In der Vorrunde traf das Team von Trainer Tobias Schigowski auf Concordia Albachten (1:0), RW Ahlen II (3:0), SVE Heessen (2:1) und SpVgg Steele II (0:1).<\/p>\n\n\n\n<p>Mit nur einer Niederlage schloss man die Vorrunde als Tabellenf\u00fchrer ab. Im Halbfinale traf man auf den TuS Eichenholz-Remminghausen und konnte sich im entscheidenden Strafsto\u00dfschie\u00dfen mit 3:1 durchsetzen. Im Finale unterlag man leider erneut der SpVgg Steele II mit 2:0. Dennoch freute man sich \u00fcber den 2. Platz beim Heessener Wintercup der Frauen.<\/p>\n","protected":false},"excerpt":{"rendered":"<p>Unser Frauenteam konnte gestern den Heessener Wintercup als zweiter Sieger abschlie\u00dfen. In der Vorrunde traf das Team von Trainer Tobias Schigowski auf Concordia Albachten (1:0), RW Ahlen II (3:0), SVE [&hellip;]<\/p>\n","protected":false},"author":2,"featured_media":3125,"comment_status":"closed","ping_status":"open","sticky":false,"template":"","format":"standard","meta":{"_jetpack_memberships_contains_paid_content":false,"footnotes":""},"categories":[1,45],"tags":[],"class_list":["post-3126","post","type-post","status-publish","format-standard","has-post-thumbnail","hentry","category-allgemein","category-frauen"],"jetpack_sharing_enabled":true,"jetpack_featured_media_url":"https:\/\/sv-koerne83.de\/wordpress\/wp-content\/uploads\/2023\/12\/Frauen_Heessen_Wintercup.png","_links":{"self":[{"href":"https:\/\/sv-koerne83.de\/wordpress\/wp-json\/wp\/v2\/posts\/3126","targetHints":{"allow":["GET"]}}],"collection":[{"href":"https:\/\/sv-koerne83.de\/wordpress\/wp-json\/wp\/v2\/posts"}],"about":[{"href":"https:\/\/sv-koerne83.de\/wordpress\/wp-json\/wp\/v2\/types\/post"}],"author":[{"embeddable":true,"href":"https:\/\/sv-koerne83.de\/wordpress\/wp-json\/wp\/v2\/users\/2"}],"replies":[{"embeddable":true,"href":"https:\/\/sv-koerne83.de\/wordpress\/wp-json\/wp\/v2\/comments?post=3126"}],"version-history":[{"count":1,"href":"https:\/\/sv-koerne83.de\/wordpress\/wp-json\/wp\/v2\/posts\/3126\/revisions"}],"predecessor-version":[{"id":3127,"href":"https:\/\/sv-koerne83.de\/wordpress\/wp-json\/wp\/v2\/posts\/3126\/revisions\/3127"}],"wp:featuredmedia":[{"embeddable":true,"href":"https:\/\/sv-koerne83.de\/wordpress\/wp-json\/wp\/v2\/media\/3125"}],"wp:attachment":[{"href":"https:\/\/sv-koerne83.de\/wordpress\/wp-json\/wp\/v2\/media?parent=3126"}],"wp:term":[{"taxonomy":"category","embeddable":true,"href":"https:\/\/sv-koerne83.de\/wordpress\/wp-json\/wp\/v2\/categories?post=3126"},{"taxonomy":"post_tag","embeddable":true,"href":"https:\/\/sv-koerne83.de\/wordpress\/wp-json\/wp\/v2\/tags?post=3126"}],"curies":[{"name":"wp","href":"https:\/\/api.w.org\/{rel}","templated":true}]}}