{"id":3128,"date":"2023-12-27T01:43:43","date_gmt":"2023-12-27T00:43:43","guid":{"rendered":"https:\/\/sv-koerne83.de\/wordpress\/?p=3128"},"modified":"2023-12-27T01:43:43","modified_gmt":"2023-12-27T00:43:43","slug":"affenkaefig-goes-halle-nord-2","status":"publish","type":"post","link":"https:\/\/sv-koerne83.de\/wordpress\/2023\/12\/27\/affenkaefig-goes-halle-nord-2\/","title":{"rendered":"Affenk\u00e4fig goes Halle Nord"},"content":{"rendered":"\n<p>Am Samstag tritt unsere 1. Mannschaft zur diesj\u00e4hrigen Hallenstadtmeisterschaft an. In der Vorrunde trifft das Team von Trainer Viktor Pusch auf zwei Kreisligisten. <\/p>\n\n\n\n<p>Um 15.30 Uhr bestreitet man das erste Spiel gegen den Meisterschaftskontrahenten TV Brechten. Im zweiten Spiel, um 16.20 Uhr, spielt man gegen den B-Ligisten RW Balikesirspor. <\/p>\n\n\n\n<p>Der Sieger der Gruppenphase qualifiziert sich direkt f\u00fcr die Zwischenrunde. Der Zweit- und Drittplatzierte hat noch die Chance, \u00fcber ein Entscheidungsspiel, in die Zwischenrunde nachzur\u00fccken. M\u00f6gliche Gegner sind hier der TuS Kruckel, Westfalia Dortmund oder der BSV Sch\u00fcren. Wir sehen uns in der Halle Nord!<\/p>\n","protected":false},"excerpt":{"rendered":"<p>Am Samstag tritt unsere 1. Mannschaft zur diesj\u00e4hrigen Hallenstadtmeisterschaft an. In der Vorrunde trifft das Team von Trainer Viktor Pusch auf zwei Kreisligisten. Um 15.30 Uhr bestreitet man das erste [&hellip;]<\/p>\n","protected":false},"author":2,"featured_media":3129,"comment_status":"closed","ping_status":"open","sticky":false,"template":"","format":"standard","meta":{"_jetpack_memberships_contains_paid_content":false,"footnotes":""},"categories":[30,1],"tags":[],"class_list":["post-3128","post","type-post","status-publish","format-standard","has-post-thumbnail","hentry","category-1-mannschaft","category-allgemein"],"jetpack_sharing_enabled":true,"jetpack_featured_media_url":"https:\/\/sv-koerne83.de\/wordpress\/wp-content\/uploads\/2023\/12\/SVK_Spieltagsankuendigung_2022_2023_hsm_herren_vr2.png","_links":{"self":[{"href":"https:\/\/sv-koerne83.de\/wordpress\/wp-json\/wp\/v2\/posts\/3128","targetHints":{"allow":["GET"]}}],"collection":[{"href":"https:\/\/sv-koerne83.de\/wordpress\/wp-json\/wp\/v2\/posts"}],"about":[{"href":"https:\/\/sv-koerne83.de\/wordpress\/wp-json\/wp\/v2\/types\/post"}],"author":[{"embeddable":true,"href":"https:\/\/sv-koerne83.de\/wordpress\/wp-json\/wp\/v2\/users\/2"}],"replies":[{"embeddable":true,"href":"https:\/\/sv-koerne83.de\/wordpress\/wp-json\/wp\/v2\/comments?post=3128"}],"version-history":[{"count":2,"href":"https:\/\/sv-koerne83.de\/wordpress\/wp-json\/wp\/v2\/posts\/3128\/revisions"}],"predecessor-version":[{"id":3158,"href":"https:\/\/sv-koerne83.de\/wordpress\/wp-json\/wp\/v2\/posts\/3128\/revisions\/3158"}],"wp:featuredmedia":[{"embeddable":true,"href":"https:\/\/sv-koerne83.de\/wordpress\/wp-json\/wp\/v2\/media\/3129"}],"wp:attachment":[{"href":"https:\/\/sv-koerne83.de\/wordpress\/wp-json\/wp\/v2\/media?parent=3128"}],"wp:term":[{"taxonomy":"category","embeddable":true,"href":"https:\/\/sv-koerne83.de\/wordpress\/wp-json\/wp\/v2\/categories?post=3128"},{"taxonomy":"post_tag","embeddable":true,"href":"https:\/\/sv-koerne83.de\/wordpress\/wp-json\/wp\/v2\/tags?post=3128"}],"curies":[{"name":"wp","href":"https:\/\/api.w.org\/{rel}","templated":true}]}}