{"id":3143,"date":"2024-01-02T09:58:25","date_gmt":"2024-01-02T08:58:25","guid":{"rendered":"https:\/\/sv-koerne83.de\/wordpress\/?p=3143"},"modified":"2024-01-02T09:58:26","modified_gmt":"2024-01-02T08:58:26","slug":"neues-jahr-alle-in-die-halle","status":"publish","type":"post","link":"https:\/\/sv-koerne83.de\/wordpress\/2024\/01\/02\/neues-jahr-alle-in-die-halle\/","title":{"rendered":"Neues Jahr&#8230;.alle in die Halle"},"content":{"rendered":"\n<p>Am morgigen Mittwoch spielt unser Frauen-Team die Vorrunde der diesj\u00e4hrigen Hallenstadtmeisterschaft. In der Halle Nord trifft das Team von Trainer Tobias Schigowski auf gegnerische Teams aus der Kreisliga, Bezirksliga und Landesliga. Um 18.00 Uhr spielt man gegen die TSG Herdecke (Kreisliga B). Um 18.30 Uhr empf\u00e4ngt man den Bezirksligisten SF S\u00f6lderholz. Um 19.00 Uhr ist Ansto\u00df gegen den TuS Esborn (Kreisliga B). Gegen den Landesligisten TV Brechten ist um 20.00 Uhr Ansto\u00df. Das letzte Spiel gegen den Kontrahenten aus der Meisterschaft SG L\u00fctgendortmund wird um 21.00 Uhr angepfiffen.<\/p>\n\n\n\n<p>Aus der Sechsergruppe qualifizieren sich die ersten beiden Teams f\u00fcr die Endrunde in der Helmut-K\u00f6rnig-Halle. Wir sehen uns in der Halle Nord!<\/p>\n","protected":false},"excerpt":{"rendered":"<p>Am morgigen Mittwoch spielt unser Frauen-Team die Vorrunde der diesj\u00e4hrigen Hallenstadtmeisterschaft. In der Halle Nord trifft das Team von Trainer Tobias Schigowski auf gegnerische Teams aus der Kreisliga, Bezirksliga und [&hellip;]<\/p>\n","protected":false},"author":2,"featured_media":3142,"comment_status":"closed","ping_status":"open","sticky":false,"template":"","format":"standard","meta":{"_jetpack_memberships_contains_paid_content":false,"footnotes":""},"categories":[1,45],"tags":[],"class_list":["post-3143","post","type-post","status-publish","format-standard","has-post-thumbnail","hentry","category-allgemein","category-frauen"],"jetpack_sharing_enabled":true,"jetpack_featured_media_url":"https:\/\/sv-koerne83.de\/wordpress\/wp-content\/uploads\/2023\/12\/SVK_Spieltagsankuendigung_2022_2023_ms_frauen2.png","_links":{"self":[{"href":"https:\/\/sv-koerne83.de\/wordpress\/wp-json\/wp\/v2\/posts\/3143","targetHints":{"allow":["GET"]}}],"collection":[{"href":"https:\/\/sv-koerne83.de\/wordpress\/wp-json\/wp\/v2\/posts"}],"about":[{"href":"https:\/\/sv-koerne83.de\/wordpress\/wp-json\/wp\/v2\/types\/post"}],"author":[{"embeddable":true,"href":"https:\/\/sv-koerne83.de\/wordpress\/wp-json\/wp\/v2\/users\/2"}],"replies":[{"embeddable":true,"href":"https:\/\/sv-koerne83.de\/wordpress\/wp-json\/wp\/v2\/comments?post=3143"}],"version-history":[{"count":2,"href":"https:\/\/sv-koerne83.de\/wordpress\/wp-json\/wp\/v2\/posts\/3143\/revisions"}],"predecessor-version":[{"id":3159,"href":"https:\/\/sv-koerne83.de\/wordpress\/wp-json\/wp\/v2\/posts\/3143\/revisions\/3159"}],"wp:featuredmedia":[{"embeddable":true,"href":"https:\/\/sv-koerne83.de\/wordpress\/wp-json\/wp\/v2\/media\/3142"}],"wp:attachment":[{"href":"https:\/\/sv-koerne83.de\/wordpress\/wp-json\/wp\/v2\/media?parent=3143"}],"wp:term":[{"taxonomy":"category","embeddable":true,"href":"https:\/\/sv-koerne83.de\/wordpress\/wp-json\/wp\/v2\/categories?post=3143"},{"taxonomy":"post_tag","embeddable":true,"href":"https:\/\/sv-koerne83.de\/wordpress\/wp-json\/wp\/v2\/tags?post=3143"}],"curies":[{"name":"wp","href":"https:\/\/api.w.org\/{rel}","templated":true}]}}