{"id":3161,"date":"2024-01-04T09:10:32","date_gmt":"2024-01-04T08:10:32","guid":{"rendered":"https:\/\/sv-koerne83.de\/wordpress\/?p=3161"},"modified":"2024-01-04T09:10:32","modified_gmt":"2024-01-04T08:10:32","slug":"affenkaefig-goes-halle-brackel","status":"publish","type":"post","link":"https:\/\/sv-koerne83.de\/wordpress\/2024\/01\/04\/affenkaefig-goes-halle-brackel\/","title":{"rendered":"Affenk\u00e4fig goes Halle Brackel"},"content":{"rendered":"\n<p>Nachdem sich die 1. Mannschaft am Samstag f\u00fcr die Zwischenrunde bei der diesj\u00e4hrigen Hallenstadtmeisterschaft qualifiziert hat, steht nun ein Hallenwechsel bevor. Die Zwischenrunde findet in der Halle Brackel statt. <\/p>\n\n\n\n<p>Das Team von Trainer Viktor Pusch trifft am Freitag um 17.55 Uhr auf den Kreisligisten SV Urania L\u00fctgendortmund. Um 18.55 Uhr spielt unsere Mannschaft gegen den Landesligisten TuS Hannibal. Der Sieger der Qualifikationsgruppe erreicht den zweiten Zwischenrundentag am Sonntag. Der Zweitplatzierte spielt in einem Entscheidungsspiel gegen den Zweitplatzierten der Parallelgruppe einen weiteren Teilnehmer f\u00fcr den Sonntag aus. M\u00f6gliche Gegner sind hier der FC Br\u00fcnninghausen, Hombrucher SV oder TSC Eintracht Dortmund.<\/p>\n\n\n\n<p>Das Vereinsheim hat am Freitag ab 14.30 Uhr ge\u00f6ffnet. Gemeinsam fahren wir dann Richtung Brackel und werden p\u00fcnktlich um 16.00 Uhr an der Halle sein. <\/p>\n","protected":false},"excerpt":{"rendered":"<p>Nachdem sich die 1. Mannschaft am Samstag f\u00fcr die Zwischenrunde bei der diesj\u00e4hrigen Hallenstadtmeisterschaft qualifiziert hat, steht nun ein Hallenwechsel bevor. Die Zwischenrunde findet in der Halle Brackel statt. Das [&hellip;]<\/p>\n","protected":false},"author":2,"featured_media":3162,"comment_status":"closed","ping_status":"open","sticky":false,"template":"","format":"standard","meta":{"_jetpack_memberships_contains_paid_content":false,"footnotes":""},"categories":[30,1],"tags":[],"class_list":["post-3161","post","type-post","status-publish","format-standard","has-post-thumbnail","hentry","category-1-mannschaft","category-allgemein"],"jetpack_sharing_enabled":true,"jetpack_featured_media_url":"https:\/\/sv-koerne83.de\/wordpress\/wp-content\/uploads\/2024\/01\/SVK_Spieltagsankuendigung_2022_2023_hsm_herren_zr2.png","_links":{"self":[{"href":"https:\/\/sv-koerne83.de\/wordpress\/wp-json\/wp\/v2\/posts\/3161","targetHints":{"allow":["GET"]}}],"collection":[{"href":"https:\/\/sv-koerne83.de\/wordpress\/wp-json\/wp\/v2\/posts"}],"about":[{"href":"https:\/\/sv-koerne83.de\/wordpress\/wp-json\/wp\/v2\/types\/post"}],"author":[{"embeddable":true,"href":"https:\/\/sv-koerne83.de\/wordpress\/wp-json\/wp\/v2\/users\/2"}],"replies":[{"embeddable":true,"href":"https:\/\/sv-koerne83.de\/wordpress\/wp-json\/wp\/v2\/comments?post=3161"}],"version-history":[{"count":2,"href":"https:\/\/sv-koerne83.de\/wordpress\/wp-json\/wp\/v2\/posts\/3161\/revisions"}],"predecessor-version":[{"id":3164,"href":"https:\/\/sv-koerne83.de\/wordpress\/wp-json\/wp\/v2\/posts\/3161\/revisions\/3164"}],"wp:featuredmedia":[{"embeddable":true,"href":"https:\/\/sv-koerne83.de\/wordpress\/wp-json\/wp\/v2\/media\/3162"}],"wp:attachment":[{"href":"https:\/\/sv-koerne83.de\/wordpress\/wp-json\/wp\/v2\/media?parent=3161"}],"wp:term":[{"taxonomy":"category","embeddable":true,"href":"https:\/\/sv-koerne83.de\/wordpress\/wp-json\/wp\/v2\/categories?post=3161"},{"taxonomy":"post_tag","embeddable":true,"href":"https:\/\/sv-koerne83.de\/wordpress\/wp-json\/wp\/v2\/tags?post=3161"}],"curies":[{"name":"wp","href":"https:\/\/api.w.org\/{rel}","templated":true}]}}