{"id":3192,"date":"2024-02-19T14:12:42","date_gmt":"2024-02-19T13:12:42","guid":{"rendered":"https:\/\/sv-koerne83.de\/wordpress\/?p=3192"},"modified":"2024-02-19T14:12:43","modified_gmt":"2024-02-19T13:12:43","slug":"2-mannschaft-empfaengt-tura-asseln","status":"publish","type":"post","link":"https:\/\/sv-koerne83.de\/wordpress\/2024\/02\/19\/2-mannschaft-empfaengt-tura-asseln\/","title":{"rendered":"2. Mannschaft empf\u00e4ngt TuRa Asseln"},"content":{"rendered":"\n<p>Am morgigen Dienstag trifft unsere 2. Mannschaft in einem vorgezogenen Meisterschaftsspiel auf TuRa Asseln. Die Asselner belegen aktuell den 3. Tabellenplatz und sind nur 4 Punkte von einem Relegationsplatz entfernt. Unsere 2. Mannschaft kann mit einem Sieg den Sprung auf den 6. Tabellenplatz schaffen und so den Aufw\u00e4rtstrend der letzten Spiele best\u00e4tigen. In den letzten f\u00fcnf Begegnungen musste man lediglich eine Niederlage hinnehmen.<\/p>\n\n\n\n<p>Ansto\u00df ist am Dienstagabend um 19.30 Uhr. Wir sehen uns im Affenk\u00e4fig!<\/p>\n","protected":false},"excerpt":{"rendered":"<p>Am morgigen Dienstag trifft unsere 2. Mannschaft in einem vorgezogenen Meisterschaftsspiel auf TuRa Asseln. Die Asselner belegen aktuell den 3. Tabellenplatz und sind nur 4 Punkte von einem Relegationsplatz entfernt. [&hellip;]<\/p>\n","protected":false},"author":2,"featured_media":3191,"comment_status":"closed","ping_status":"open","sticky":false,"template":"","format":"standard","meta":{"_jetpack_memberships_contains_paid_content":false,"footnotes":""},"categories":[31,1],"tags":[],"class_list":["post-3192","post","type-post","status-publish","format-standard","has-post-thumbnail","hentry","category-2-mannschaft","category-allgemein"],"jetpack_sharing_enabled":true,"jetpack_featured_media_url":"https:\/\/sv-koerne83.de\/wordpress\/wp-content\/uploads\/2024\/02\/SVK_Spieltagsankuendigung_2022_2023_zweite2.png","_links":{"self":[{"href":"https:\/\/sv-koerne83.de\/wordpress\/wp-json\/wp\/v2\/posts\/3192","targetHints":{"allow":["GET"]}}],"collection":[{"href":"https:\/\/sv-koerne83.de\/wordpress\/wp-json\/wp\/v2\/posts"}],"about":[{"href":"https:\/\/sv-koerne83.de\/wordpress\/wp-json\/wp\/v2\/types\/post"}],"author":[{"embeddable":true,"href":"https:\/\/sv-koerne83.de\/wordpress\/wp-json\/wp\/v2\/users\/2"}],"replies":[{"embeddable":true,"href":"https:\/\/sv-koerne83.de\/wordpress\/wp-json\/wp\/v2\/comments?post=3192"}],"version-history":[{"count":1,"href":"https:\/\/sv-koerne83.de\/wordpress\/wp-json\/wp\/v2\/posts\/3192\/revisions"}],"predecessor-version":[{"id":3193,"href":"https:\/\/sv-koerne83.de\/wordpress\/wp-json\/wp\/v2\/posts\/3192\/revisions\/3193"}],"wp:featuredmedia":[{"embeddable":true,"href":"https:\/\/sv-koerne83.de\/wordpress\/wp-json\/wp\/v2\/media\/3191"}],"wp:attachment":[{"href":"https:\/\/sv-koerne83.de\/wordpress\/wp-json\/wp\/v2\/media?parent=3192"}],"wp:term":[{"taxonomy":"category","embeddable":true,"href":"https:\/\/sv-koerne83.de\/wordpress\/wp-json\/wp\/v2\/categories?post=3192"},{"taxonomy":"post_tag","embeddable":true,"href":"https:\/\/sv-koerne83.de\/wordpress\/wp-json\/wp\/v2\/tags?post=3192"}],"curies":[{"name":"wp","href":"https:\/\/api.w.org\/{rel}","templated":true}]}}