{"id":3197,"date":"2024-02-21T11:57:14","date_gmt":"2024-02-21T10:57:14","guid":{"rendered":"https:\/\/sv-koerne83.de\/wordpress\/?p=3197"},"modified":"2024-02-21T11:57:14","modified_gmt":"2024-02-21T10:57:14","slug":"1-mannschaft-empfaengt-holzen-sommerberg","status":"publish","type":"post","link":"https:\/\/sv-koerne83.de\/wordpress\/2024\/02\/21\/1-mannschaft-empfaengt-holzen-sommerberg\/","title":{"rendered":"1. Mannschaft empf\u00e4ngt Holzen-Sommerberg"},"content":{"rendered":"\n<p>Bereits am Freitagabend empf\u00e4ngt unsere 1. Mannschaft den TuS Holzen-Sommerberg. Die Mannschaft aus dem Dortmunder S\u00fcden belegt aktuell den 3. Tabellenplatz und hat lediglich 2 Punkte R\u00fcckstand zu dem Aufstiegs-Relegationsplatz. Beide Teams haben in den letzten Spielen einen Positiv-Trend zu verzeichnen. Holzen-Sommerberg musste in den letzten f\u00fcnf Spielen lediglich eine Niederlage verkraften. Unsere 1. Mannschaft konnte in den letzten f\u00fcnf Spielen f\u00fcnf Siege einfahren. Das Hinspiel gewann der Gast aus Holzen knapp mit 2:1. Der entscheidende Siegtreffer fiel dort erst in der 109. Minute.<\/p>\n\n\n\n<p>Ansto\u00df ist am Freitagabend um 19.30 Uhr. Wir sehen uns im Affenk\u00e4fig!<\/p>\n","protected":false},"excerpt":{"rendered":"<p>Bereits am Freitagabend empf\u00e4ngt unsere 1. Mannschaft den TuS Holzen-Sommerberg. Die Mannschaft aus dem Dortmunder S\u00fcden belegt aktuell den 3. Tabellenplatz und hat lediglich 2 Punkte R\u00fcckstand zu dem Aufstiegs-Relegationsplatz. [&hellip;]<\/p>\n","protected":false},"author":2,"featured_media":3194,"comment_status":"closed","ping_status":"open","sticky":false,"template":"","format":"standard","meta":{"_jetpack_memberships_contains_paid_content":false,"footnotes":""},"categories":[30,1],"tags":[],"class_list":["post-3197","post","type-post","status-publish","format-standard","has-post-thumbnail","hentry","category-1-mannschaft","category-allgemein"],"jetpack_sharing_enabled":true,"jetpack_featured_media_url":"https:\/\/sv-koerne83.de\/wordpress\/wp-content\/uploads\/2024\/02\/SVK_Spieltagsankuendigung_2022_2023_erste2.png","_links":{"self":[{"href":"https:\/\/sv-koerne83.de\/wordpress\/wp-json\/wp\/v2\/posts\/3197","targetHints":{"allow":["GET"]}}],"collection":[{"href":"https:\/\/sv-koerne83.de\/wordpress\/wp-json\/wp\/v2\/posts"}],"about":[{"href":"https:\/\/sv-koerne83.de\/wordpress\/wp-json\/wp\/v2\/types\/post"}],"author":[{"embeddable":true,"href":"https:\/\/sv-koerne83.de\/wordpress\/wp-json\/wp\/v2\/users\/2"}],"replies":[{"embeddable":true,"href":"https:\/\/sv-koerne83.de\/wordpress\/wp-json\/wp\/v2\/comments?post=3197"}],"version-history":[{"count":1,"href":"https:\/\/sv-koerne83.de\/wordpress\/wp-json\/wp\/v2\/posts\/3197\/revisions"}],"predecessor-version":[{"id":3198,"href":"https:\/\/sv-koerne83.de\/wordpress\/wp-json\/wp\/v2\/posts\/3197\/revisions\/3198"}],"wp:featuredmedia":[{"embeddable":true,"href":"https:\/\/sv-koerne83.de\/wordpress\/wp-json\/wp\/v2\/media\/3194"}],"wp:attachment":[{"href":"https:\/\/sv-koerne83.de\/wordpress\/wp-json\/wp\/v2\/media?parent=3197"}],"wp:term":[{"taxonomy":"category","embeddable":true,"href":"https:\/\/sv-koerne83.de\/wordpress\/wp-json\/wp\/v2\/categories?post=3197"},{"taxonomy":"post_tag","embeddable":true,"href":"https:\/\/sv-koerne83.de\/wordpress\/wp-json\/wp\/v2\/tags?post=3197"}],"curies":[{"name":"wp","href":"https:\/\/api.w.org\/{rel}","templated":true}]}}