{"id":3199,"date":"2024-02-22T08:38:10","date_gmt":"2024-02-22T07:38:10","guid":{"rendered":"https:\/\/sv-koerne83.de\/wordpress\/?p=3199"},"modified":"2024-02-22T11:22:40","modified_gmt":"2024-02-22T10:22:40","slug":"d-jugend-erreicht-pokal-achtelfinale","status":"publish","type":"post","link":"https:\/\/sv-koerne83.de\/wordpress\/2024\/02\/22\/d-jugend-erreicht-pokal-achtelfinale\/","title":{"rendered":"D-Jugend erreicht Pokal-Achtelfinale"},"content":{"rendered":"\n<p>Mit einem 4:0 Ausw\u00e4rtssieg bei Alemannia Scharnhorst konnte sich unsere D-Jugend am gestrigen Abend f\u00fcr das Pokal-Achtelfinale qualifizieren. Das Team von Trainer Andi Lorenz f\u00fchrte bereits zur Halbzeit mit 3:0. In der zweiten H\u00e4lfte gelang noch der 4:0 Endstand.<\/p>\n\n\n\n<p>Im Pokal-Achtelfinale trifft das Team nun im Heimspiel auf den Viertplatzierten der Sonderklasse H\u00f6rder SC. Angesetzt ist die Partie f\u00fcr den 13.03.2024 um 18.00 Uhr.<\/p>\n","protected":false},"excerpt":{"rendered":"<p>Mit einem 4:0 Ausw\u00e4rtssieg bei Alemannia Scharnhorst konnte sich unsere D-Jugend am gestrigen Abend f\u00fcr das Pokal-Achtelfinale qualifizieren. Das Team von Trainer Andi Lorenz f\u00fchrte bereits zur Halbzeit mit 3:0. [&hellip;]<\/p>\n","protected":false},"author":2,"featured_media":3003,"comment_status":"closed","ping_status":"open","sticky":false,"template":"","format":"standard","meta":{"_jetpack_memberships_contains_paid_content":false,"footnotes":""},"categories":[1,35],"tags":[],"class_list":["post-3199","post","type-post","status-publish","format-standard","has-post-thumbnail","hentry","category-allgemein","category-jugend"],"jetpack_sharing_enabled":true,"jetpack_featured_media_url":"https:\/\/sv-koerne83.de\/wordpress\/wp-content\/uploads\/2023\/09\/D1-SVKoerne.png","_links":{"self":[{"href":"https:\/\/sv-koerne83.de\/wordpress\/wp-json\/wp\/v2\/posts\/3199","targetHints":{"allow":["GET"]}}],"collection":[{"href":"https:\/\/sv-koerne83.de\/wordpress\/wp-json\/wp\/v2\/posts"}],"about":[{"href":"https:\/\/sv-koerne83.de\/wordpress\/wp-json\/wp\/v2\/types\/post"}],"author":[{"embeddable":true,"href":"https:\/\/sv-koerne83.de\/wordpress\/wp-json\/wp\/v2\/users\/2"}],"replies":[{"embeddable":true,"href":"https:\/\/sv-koerne83.de\/wordpress\/wp-json\/wp\/v2\/comments?post=3199"}],"version-history":[{"count":3,"href":"https:\/\/sv-koerne83.de\/wordpress\/wp-json\/wp\/v2\/posts\/3199\/revisions"}],"predecessor-version":[{"id":3202,"href":"https:\/\/sv-koerne83.de\/wordpress\/wp-json\/wp\/v2\/posts\/3199\/revisions\/3202"}],"wp:featuredmedia":[{"embeddable":true,"href":"https:\/\/sv-koerne83.de\/wordpress\/wp-json\/wp\/v2\/media\/3003"}],"wp:attachment":[{"href":"https:\/\/sv-koerne83.de\/wordpress\/wp-json\/wp\/v2\/media?parent=3199"}],"wp:term":[{"taxonomy":"category","embeddable":true,"href":"https:\/\/sv-koerne83.de\/wordpress\/wp-json\/wp\/v2\/categories?post=3199"},{"taxonomy":"post_tag","embeddable":true,"href":"https:\/\/sv-koerne83.de\/wordpress\/wp-json\/wp\/v2\/tags?post=3199"}],"curies":[{"name":"wp","href":"https:\/\/api.w.org\/{rel}","templated":true}]}}