{"id":3227,"date":"2024-03-05T11:37:27","date_gmt":"2024-03-05T10:37:27","guid":{"rendered":"https:\/\/sv-koerne83.de\/wordpress\/?p=3227"},"modified":"2024-03-05T11:37:27","modified_gmt":"2024-03-05T10:37:27","slug":"tabellenfuehrer-zu-gast-im-affenkaefig","status":"publish","type":"post","link":"https:\/\/sv-koerne83.de\/wordpress\/2024\/03\/05\/tabellenfuehrer-zu-gast-im-affenkaefig\/","title":{"rendered":"Tabellenf\u00fchrer zu Gast im Affenk\u00e4fig"},"content":{"rendered":"\n<p>Am Sonntag empf\u00e4ngt die 1. Mannschaft mit dem TV Brechten den aktuellen Tabellenf\u00fchrer der Kreisliga A. Die Brechtener stehen mit 6 Punkten Vorsprung auf Platz 1 und mussten in dieser Saison erst zwei Niederlagen hinnehmen. Eine davon im Topspiel gegen den VfL H\u00f6rde, in dem man sich mit 4:3 geschlagen geben musste und einmal im Hinspiel gegen unsere 1. Mannschaft, wo das Team von Trainer Viktor Pusch einen 2:1 Ausw\u00e4rtserfolg einfahren konnte.<\/p>\n\n\n\n<p>Unsere 1. Mannschaft geht mit breiter Brust in das Duell. Seit dem 15.10.2023 verlor man lediglich ein Meisterschaftsspiel (1:2 gegen DJK TuS K\u00f6rne II). Das letzte Heimspiel gegen den TuS Holzen-Sommerberg gewann man mit 1:0. <\/p>\n\n\n\n<p>Wir freuen uns auf ein spannendes Spiel am Sonntag mit gro\u00dfem Fan-Support. Ansto\u00df am Winkelriedweg ist um 15.15 Uhr. Wir sehen uns im Affenk\u00e4fig!<\/p>\n","protected":false},"excerpt":{"rendered":"<p>Am Sonntag empf\u00e4ngt die 1. Mannschaft mit dem TV Brechten den aktuellen Tabellenf\u00fchrer der Kreisliga A. Die Brechtener stehen mit 6 Punkten Vorsprung auf Platz 1 und mussten in dieser [&hellip;]<\/p>\n","protected":false},"author":2,"featured_media":3228,"comment_status":"closed","ping_status":"open","sticky":false,"template":"","format":"standard","meta":{"_jetpack_memberships_contains_paid_content":false,"footnotes":""},"categories":[30,1],"tags":[],"class_list":["post-3227","post","type-post","status-publish","format-standard","has-post-thumbnail","hentry","category-1-mannschaft","category-allgemein"],"jetpack_sharing_enabled":true,"jetpack_featured_media_url":"https:\/\/sv-koerne83.de\/wordpress\/wp-content\/uploads\/2024\/03\/SVK_Spieltagsankuendigung_2022_2023_svk_tvb2.png","_links":{"self":[{"href":"https:\/\/sv-koerne83.de\/wordpress\/wp-json\/wp\/v2\/posts\/3227","targetHints":{"allow":["GET"]}}],"collection":[{"href":"https:\/\/sv-koerne83.de\/wordpress\/wp-json\/wp\/v2\/posts"}],"about":[{"href":"https:\/\/sv-koerne83.de\/wordpress\/wp-json\/wp\/v2\/types\/post"}],"author":[{"embeddable":true,"href":"https:\/\/sv-koerne83.de\/wordpress\/wp-json\/wp\/v2\/users\/2"}],"replies":[{"embeddable":true,"href":"https:\/\/sv-koerne83.de\/wordpress\/wp-json\/wp\/v2\/comments?post=3227"}],"version-history":[{"count":1,"href":"https:\/\/sv-koerne83.de\/wordpress\/wp-json\/wp\/v2\/posts\/3227\/revisions"}],"predecessor-version":[{"id":3229,"href":"https:\/\/sv-koerne83.de\/wordpress\/wp-json\/wp\/v2\/posts\/3227\/revisions\/3229"}],"wp:featuredmedia":[{"embeddable":true,"href":"https:\/\/sv-koerne83.de\/wordpress\/wp-json\/wp\/v2\/media\/3228"}],"wp:attachment":[{"href":"https:\/\/sv-koerne83.de\/wordpress\/wp-json\/wp\/v2\/media?parent=3227"}],"wp:term":[{"taxonomy":"category","embeddable":true,"href":"https:\/\/sv-koerne83.de\/wordpress\/wp-json\/wp\/v2\/categories?post=3227"},{"taxonomy":"post_tag","embeddable":true,"href":"https:\/\/sv-koerne83.de\/wordpress\/wp-json\/wp\/v2\/tags?post=3227"}],"curies":[{"name":"wp","href":"https:\/\/api.w.org\/{rel}","templated":true}]}}