{"id":3243,"date":"2024-03-11T15:14:01","date_gmt":"2024-03-11T14:14:01","guid":{"rendered":"https:\/\/sv-koerne83.de\/wordpress\/?p=3243"},"modified":"2024-03-11T15:14:01","modified_gmt":"2024-03-11T14:14:01","slug":"d-jugend-im-pokal-achtelfinale","status":"publish","type":"post","link":"https:\/\/sv-koerne83.de\/wordpress\/2024\/03\/11\/d-jugend-im-pokal-achtelfinale\/","title":{"rendered":"D-Jugend im Pokal-Achtelfinale"},"content":{"rendered":"\n<p>Am Mittwoch empf\u00e4ngt unsere D-Jugend im Kreispokal-Achtelfinale den H\u00f6rder SC. Der HSC belegt in der Sonderklasse den 3. Tabellenplatz. F\u00fcr das Team von Andi Lorenz ist das Erreichen des Achtelfinales ein riesengro\u00dfer Erfolg. Ein Sieg gegen den H\u00f6rder SC w\u00e4re sensationell. Die Mannschaft freut sich \u00fcber lautstarke Unterst\u00fctzung am Platz. Ansto\u00df ist um 18.00 Uhr. Wir sehen uns im Affenk\u00e4fig!<\/p>\n","protected":false},"excerpt":{"rendered":"<p>Am Mittwoch empf\u00e4ngt unsere D-Jugend im Kreispokal-Achtelfinale den H\u00f6rder SC. Der HSC belegt in der Sonderklasse den 3. Tabellenplatz. F\u00fcr das Team von Andi Lorenz ist das Erreichen des Achtelfinales [&hellip;]<\/p>\n","protected":false},"author":2,"featured_media":3244,"comment_status":"closed","ping_status":"open","sticky":false,"template":"","format":"standard","meta":{"_jetpack_memberships_contains_paid_content":false,"footnotes":""},"categories":[1,35],"tags":[],"class_list":["post-3243","post","type-post","status-publish","format-standard","has-post-thumbnail","hentry","category-allgemein","category-jugend"],"jetpack_sharing_enabled":true,"jetpack_featured_media_url":"https:\/\/sv-koerne83.de\/wordpress\/wp-content\/uploads\/2024\/03\/SVK_Spieltagsankuendigung_2022_2023_djugendpokalachtelfinale2.png","_links":{"self":[{"href":"https:\/\/sv-koerne83.de\/wordpress\/wp-json\/wp\/v2\/posts\/3243","targetHints":{"allow":["GET"]}}],"collection":[{"href":"https:\/\/sv-koerne83.de\/wordpress\/wp-json\/wp\/v2\/posts"}],"about":[{"href":"https:\/\/sv-koerne83.de\/wordpress\/wp-json\/wp\/v2\/types\/post"}],"author":[{"embeddable":true,"href":"https:\/\/sv-koerne83.de\/wordpress\/wp-json\/wp\/v2\/users\/2"}],"replies":[{"embeddable":true,"href":"https:\/\/sv-koerne83.de\/wordpress\/wp-json\/wp\/v2\/comments?post=3243"}],"version-history":[{"count":1,"href":"https:\/\/sv-koerne83.de\/wordpress\/wp-json\/wp\/v2\/posts\/3243\/revisions"}],"predecessor-version":[{"id":3245,"href":"https:\/\/sv-koerne83.de\/wordpress\/wp-json\/wp\/v2\/posts\/3243\/revisions\/3245"}],"wp:featuredmedia":[{"embeddable":true,"href":"https:\/\/sv-koerne83.de\/wordpress\/wp-json\/wp\/v2\/media\/3244"}],"wp:attachment":[{"href":"https:\/\/sv-koerne83.de\/wordpress\/wp-json\/wp\/v2\/media?parent=3243"}],"wp:term":[{"taxonomy":"category","embeddable":true,"href":"https:\/\/sv-koerne83.de\/wordpress\/wp-json\/wp\/v2\/categories?post=3243"},{"taxonomy":"post_tag","embeddable":true,"href":"https:\/\/sv-koerne83.de\/wordpress\/wp-json\/wp\/v2\/tags?post=3243"}],"curies":[{"name":"wp","href":"https:\/\/api.w.org\/{rel}","templated":true}]}}