{"id":3250,"date":"2024-03-14T13:10:57","date_gmt":"2024-03-14T12:10:57","guid":{"rendered":"https:\/\/sv-koerne83.de\/wordpress\/?p=3250"},"modified":"2024-03-14T13:10:58","modified_gmt":"2024-03-14T12:10:58","slug":"knappe-niederlage-besiegelt-pokal-aus","status":"publish","type":"post","link":"https:\/\/sv-koerne83.de\/wordpress\/2024\/03\/14\/knappe-niederlage-besiegelt-pokal-aus\/","title":{"rendered":"Knappe Niederlage besiegelt Pokal-Aus"},"content":{"rendered":"\n<p>Am gestrigen Abend verlor unsere D-Jugend das Pokal-Achtelfinale gegen den Sonderligisten H\u00f6rder SC denkbar knapp mit 2:3. Das Team von Andi Lorenz war \u00fcber die 60-min\u00fctige Spielzeit auf Augenh\u00f6he und bot dem drittplatzierten Sonderligisten Paroli. Unsere D-Jugend ging sogar in der 20. Minute mit 1:0 in F\u00fchrung, musste dann im Laufe des Spiels den Ausgleich und die Gegentreffer zwei und drei hinnehmen. Erst in der 60. Minute verk\u00fcrzte man nochmal auf 2:3. <\/p>\n\n\n\n<p>Falsch ist die Ergebnismeldung bei <a href=\"https:\/\/www.fussball.de\/spiel\/sv-koerne-hoerder-sc\/-\/spiel\/02NDFQKOS4000000VS5489B4VSM2QTLD#!\/\" target=\"_blank\" rel=\"noreferrer noopener\"><strong>fussball.de<\/strong><\/a>, wo das Spiel 3:3 geendet haben soll.<\/p>\n","protected":false},"excerpt":{"rendered":"<p>Am gestrigen Abend verlor unsere D-Jugend das Pokal-Achtelfinale gegen den Sonderligisten H\u00f6rder SC denkbar knapp mit 2:3. Das Team von Andi Lorenz war \u00fcber die 60-min\u00fctige Spielzeit auf Augenh\u00f6he und [&hellip;]<\/p>\n","protected":false},"author":2,"featured_media":3003,"comment_status":"closed","ping_status":"open","sticky":false,"template":"","format":"standard","meta":{"_jetpack_memberships_contains_paid_content":false,"footnotes":""},"categories":[1,35],"tags":[],"class_list":["post-3250","post","type-post","status-publish","format-standard","has-post-thumbnail","hentry","category-allgemein","category-jugend"],"jetpack_sharing_enabled":true,"jetpack_featured_media_url":"https:\/\/sv-koerne83.de\/wordpress\/wp-content\/uploads\/2023\/09\/D1-SVKoerne.png","_links":{"self":[{"href":"https:\/\/sv-koerne83.de\/wordpress\/wp-json\/wp\/v2\/posts\/3250","targetHints":{"allow":["GET"]}}],"collection":[{"href":"https:\/\/sv-koerne83.de\/wordpress\/wp-json\/wp\/v2\/posts"}],"about":[{"href":"https:\/\/sv-koerne83.de\/wordpress\/wp-json\/wp\/v2\/types\/post"}],"author":[{"embeddable":true,"href":"https:\/\/sv-koerne83.de\/wordpress\/wp-json\/wp\/v2\/users\/2"}],"replies":[{"embeddable":true,"href":"https:\/\/sv-koerne83.de\/wordpress\/wp-json\/wp\/v2\/comments?post=3250"}],"version-history":[{"count":1,"href":"https:\/\/sv-koerne83.de\/wordpress\/wp-json\/wp\/v2\/posts\/3250\/revisions"}],"predecessor-version":[{"id":3251,"href":"https:\/\/sv-koerne83.de\/wordpress\/wp-json\/wp\/v2\/posts\/3250\/revisions\/3251"}],"wp:featuredmedia":[{"embeddable":true,"href":"https:\/\/sv-koerne83.de\/wordpress\/wp-json\/wp\/v2\/media\/3003"}],"wp:attachment":[{"href":"https:\/\/sv-koerne83.de\/wordpress\/wp-json\/wp\/v2\/media?parent=3250"}],"wp:term":[{"taxonomy":"category","embeddable":true,"href":"https:\/\/sv-koerne83.de\/wordpress\/wp-json\/wp\/v2\/categories?post=3250"},{"taxonomy":"post_tag","embeddable":true,"href":"https:\/\/sv-koerne83.de\/wordpress\/wp-json\/wp\/v2\/tags?post=3250"}],"curies":[{"name":"wp","href":"https:\/\/api.w.org\/{rel}","templated":true}]}}