{"id":3286,"date":"2024-03-26T07:39:32","date_gmt":"2024-03-26T06:39:32","guid":{"rendered":"https:\/\/sv-koerne83.de\/wordpress\/?p=3286"},"modified":"2024-03-26T07:56:20","modified_gmt":"2024-03-26T06:56:20","slug":"hallenstadtmeisterschaft-der-jugend","status":"publish","type":"post","link":"https:\/\/sv-koerne83.de\/wordpress\/2024\/03\/26\/hallenstadtmeisterschaft-der-jugend\/","title":{"rendered":"Hallenstadtmeisterschaft der Jugend"},"content":{"rendered":"\n<p>Traditionell finden die Hallenstadtmeisterschaften der Jugendmannschaften \u00fcber die Osterfeiertage statt. Von uns nehmen in diesem Jahr vier Mannschaften teil.<\/p>\n\n\n\n<p>Unsere D3-Jugend macht am Samstag, den 30. M\u00e4rz, den Anfang. Das Team von Trainer Steve Mae\u00dfe trifft in der Halle Huckarde auf Mengede 08\/20 II, den Vfl Kemminghausen II und TSC Eintracht Dortmund II. Das Turnier beginnt um 10.00 Uhr.<\/p>\n\n\n\n<p>Am Samstagnachmittag startet unsere A-Jugend ins Turnier. Das Team von Trainer Tobias Schigowski trifft auf den H\u00f6rder SC II, Kichh\u00f6rder SC und T\u00fcrkspor Dortmund. Das Turnier startet in der Halle Kreuzstra\u00dfe um 14.00 Uhr.<\/p>\n\n\n\n<p>Am Ostersonntag findet die Hallenstadtmeisterschaft f\u00fcr unsere E4 statt. Hier reist das Team in die Halle Dammwiese nach L\u00fcnen und trifft ab 15.00 Uhr auf die Gegner TSC Eintracht Dortmund II, H\u00f6rder SC II und Kirchh\u00f6rder SC II.<\/p>\n\n\n\n<p>Den Abschluss, am Ostermontag, macht unsere E1-Jugend. Das Team vom Trainerduo Patrick Burckhardt und Patrick Meinert reist ebenfalls nach L\u00fcnen und trifft ab 15.00 Uhr, in der Halle Dammwiese, auf den FC Roj, BW Alstedde, Arminia Marten und den SV Westrich.<\/p>\n\n\n\n<p>Wir w\u00fcnschen allen Mannschaften viel Erfolg bei der diesj\u00e4hrigen Hallenstadtmeisterschaft.<\/p>\n\n\n\n<p><em>Grafik: FLVW Kreis Dortmund<\/em><\/p>\n","protected":false},"excerpt":{"rendered":"<p>Traditionell finden die Hallenstadtmeisterschaften der Jugendmannschaften \u00fcber die Osterfeiertage statt. Von uns nehmen in diesem Jahr vier Mannschaften teil. Unsere D3-Jugend macht am Samstag, den 30. M\u00e4rz, den Anfang. Das [&hellip;]<\/p>\n","protected":false},"author":2,"featured_media":3288,"comment_status":"closed","ping_status":"open","sticky":false,"template":"","format":"standard","meta":{"_jetpack_memberships_contains_paid_content":false,"footnotes":""},"categories":[1,35],"tags":[],"class_list":["post-3286","post","type-post","status-publish","format-standard","has-post-thumbnail","hentry","category-allgemein","category-jugend"],"jetpack_sharing_enabled":true,"jetpack_featured_media_url":"https:\/\/sv-koerne83.de\/wordpress\/wp-content\/uploads\/2024\/03\/JHSMTitelbild2024169JHSM.png","_links":{"self":[{"href":"https:\/\/sv-koerne83.de\/wordpress\/wp-json\/wp\/v2\/posts\/3286","targetHints":{"allow":["GET"]}}],"collection":[{"href":"https:\/\/sv-koerne83.de\/wordpress\/wp-json\/wp\/v2\/posts"}],"about":[{"href":"https:\/\/sv-koerne83.de\/wordpress\/wp-json\/wp\/v2\/types\/post"}],"author":[{"embeddable":true,"href":"https:\/\/sv-koerne83.de\/wordpress\/wp-json\/wp\/v2\/users\/2"}],"replies":[{"embeddable":true,"href":"https:\/\/sv-koerne83.de\/wordpress\/wp-json\/wp\/v2\/comments?post=3286"}],"version-history":[{"count":3,"href":"https:\/\/sv-koerne83.de\/wordpress\/wp-json\/wp\/v2\/posts\/3286\/revisions"}],"predecessor-version":[{"id":3290,"href":"https:\/\/sv-koerne83.de\/wordpress\/wp-json\/wp\/v2\/posts\/3286\/revisions\/3290"}],"wp:featuredmedia":[{"embeddable":true,"href":"https:\/\/sv-koerne83.de\/wordpress\/wp-json\/wp\/v2\/media\/3288"}],"wp:attachment":[{"href":"https:\/\/sv-koerne83.de\/wordpress\/wp-json\/wp\/v2\/media?parent=3286"}],"wp:term":[{"taxonomy":"category","embeddable":true,"href":"https:\/\/sv-koerne83.de\/wordpress\/wp-json\/wp\/v2\/categories?post=3286"},{"taxonomy":"post_tag","embeddable":true,"href":"https:\/\/sv-koerne83.de\/wordpress\/wp-json\/wp\/v2\/tags?post=3286"}],"curies":[{"name":"wp","href":"https:\/\/api.w.org\/{rel}","templated":true}]}}