{"id":3291,"date":"2024-03-27T12:19:03","date_gmt":"2024-03-27T11:19:03","guid":{"rendered":"https:\/\/sv-koerne83.de\/wordpress\/?p=3291"},"modified":"2024-03-27T12:19:03","modified_gmt":"2024-03-27T11:19:03","slug":"bundesligaklassiker-live-im-vereinsheim","status":"publish","type":"post","link":"https:\/\/sv-koerne83.de\/wordpress\/2024\/03\/27\/bundesligaklassiker-live-im-vereinsheim\/","title":{"rendered":"Bundesligaklassiker live im Vereinsheim"},"content":{"rendered":"\n<p>Am Samstag zeigen wir das Bundesliga-Topspiel FC Bayern M\u00fcnchen gegen Borussia Dortmund live auf Gro\u00dfbildleinwand. Anpfiff des Bundesligaklassikers ist um 18.30 Uhr. Verfolgt das Duell bei k\u00fchlen Getr\u00e4nken und in netter Atmosph\u00e4re bei uns im Vereinsheim. F\u00fcr die Raucher steht im Au\u00dfenbereich ein Fernseher parat. So verpasst ihr keine Minute. Wir freuen uns auf euren Besuch.<\/p>\n\n\n\n<p>\ud83d\uddd3\ufe0f 30.03.2024<br>\u23f0 18.30 Uhr<br>\ud83d\udcb0 Eintritt frei<br>\ud83c\udf7a Verzehr vorausgesetzt<br>\u26bd\ufe0f FC Bayern M\u00fcnchen vs. Borussia Dortmund<\/p>\n","protected":false},"excerpt":{"rendered":"<p>Am Samstag zeigen wir das Bundesliga-Topspiel FC Bayern M\u00fcnchen gegen Borussia Dortmund live auf Gro\u00dfbildleinwand. Anpfiff des Bundesligaklassikers ist um 18.30 Uhr. Verfolgt das Duell bei k\u00fchlen Getr\u00e4nken und in [&hellip;]<\/p>\n","protected":false},"author":2,"featured_media":3292,"comment_status":"closed","ping_status":"open","sticky":false,"template":"","format":"standard","meta":{"_jetpack_memberships_contains_paid_content":false,"footnotes":""},"categories":[1],"tags":[],"class_list":["post-3291","post","type-post","status-publish","format-standard","has-post-thumbnail","hentry","category-allgemein"],"jetpack_sharing_enabled":true,"jetpack_featured_media_url":"https:\/\/sv-koerne83.de\/wordpress\/wp-content\/uploads\/2024\/03\/SVK_Vereinsheim-News_2022_20233.png","_links":{"self":[{"href":"https:\/\/sv-koerne83.de\/wordpress\/wp-json\/wp\/v2\/posts\/3291","targetHints":{"allow":["GET"]}}],"collection":[{"href":"https:\/\/sv-koerne83.de\/wordpress\/wp-json\/wp\/v2\/posts"}],"about":[{"href":"https:\/\/sv-koerne83.de\/wordpress\/wp-json\/wp\/v2\/types\/post"}],"author":[{"embeddable":true,"href":"https:\/\/sv-koerne83.de\/wordpress\/wp-json\/wp\/v2\/users\/2"}],"replies":[{"embeddable":true,"href":"https:\/\/sv-koerne83.de\/wordpress\/wp-json\/wp\/v2\/comments?post=3291"}],"version-history":[{"count":1,"href":"https:\/\/sv-koerne83.de\/wordpress\/wp-json\/wp\/v2\/posts\/3291\/revisions"}],"predecessor-version":[{"id":3293,"href":"https:\/\/sv-koerne83.de\/wordpress\/wp-json\/wp\/v2\/posts\/3291\/revisions\/3293"}],"wp:featuredmedia":[{"embeddable":true,"href":"https:\/\/sv-koerne83.de\/wordpress\/wp-json\/wp\/v2\/media\/3292"}],"wp:attachment":[{"href":"https:\/\/sv-koerne83.de\/wordpress\/wp-json\/wp\/v2\/media?parent=3291"}],"wp:term":[{"taxonomy":"category","embeddable":true,"href":"https:\/\/sv-koerne83.de\/wordpress\/wp-json\/wp\/v2\/categories?post=3291"},{"taxonomy":"post_tag","embeddable":true,"href":"https:\/\/sv-koerne83.de\/wordpress\/wp-json\/wp\/v2\/tags?post=3291"}],"curies":[{"name":"wp","href":"https:\/\/api.w.org\/{rel}","templated":true}]}}