{"id":3299,"date":"2024-04-12T08:58:37","date_gmt":"2024-04-12T06:58:37","guid":{"rendered":"https:\/\/sv-koerne83.de\/wordpress\/?p=3299"},"modified":"2024-04-12T08:58:38","modified_gmt":"2024-04-12T06:58:38","slug":"kurler-wochenende","status":"publish","type":"post","link":"https:\/\/sv-koerne83.de\/wordpress\/2024\/04\/12\/kurler-wochenende\/","title":{"rendered":"Kurler Wochenende"},"content":{"rendered":"\n<p>Am Sonntag steht der Spieltag ganz unter dem Motto &#8222;SVK gegen Husen-Kurl&#8220;. Unsere drei Seniorenmannschaften treffen allesamt auf ein Team aus dem Eichwaldstadion.<\/p>\n\n\n\n<p>Die dritte Mannschaft spielt um 13.00 Uhr ausw\u00e4rts gegen die dritte Mannschaft der Kurler. Die zweite Mannschaft empf\u00e4ngt im heimischen Affenk\u00e4fig den SC Husen-Kurl II. Ansto\u00df ist um 13.00 Uhr.<\/p>\n\n\n\n<p>Um 15.15 Uhr spielt dann unsere erste Mannschaft gegen die erste Mannschaft von Husen-Kurl. Die Partie findet ebenfalls zuhause auf dem Sportplatz am Winkelriedweg statt.<\/p>\n\n\n\n<p>Lediglich unser Frauen-Team trifft auf einen anderen Verein. Um 15.00 Uhr tritt die Mannschaft von Tobi Schigowski bei der SG L\u00fctgendortmund, auf dem Sportplatz am Crengeldanz, an.<\/p>\n\n\n\n<p>Wir freuen uns auf euren Besuch! Wir sehen uns im Affenk\u00e4fig!<\/p>\n","protected":false},"excerpt":{"rendered":"<p>Am Sonntag steht der Spieltag ganz unter dem Motto &#8222;SVK gegen Husen-Kurl&#8220;. Unsere drei Seniorenmannschaften treffen allesamt auf ein Team aus dem Eichwaldstadion. Die dritte Mannschaft spielt um 13.00 Uhr [&hellip;]<\/p>\n","protected":false},"author":2,"featured_media":3300,"comment_status":"closed","ping_status":"open","sticky":false,"template":"","format":"standard","meta":{"_jetpack_memberships_contains_paid_content":false,"footnotes":""},"categories":[30,31,32,1,45],"tags":[],"class_list":["post-3299","post","type-post","status-publish","format-standard","has-post-thumbnail","hentry","category-1-mannschaft","category-2-mannschaft","category-3-mannschaft","category-allgemein","category-frauen"],"jetpack_sharing_enabled":true,"jetpack_featured_media_url":"https:\/\/sv-koerne83.de\/wordpress\/wp-content\/uploads\/2024\/04\/SVK_Spieltagsankuendigung_2022_2023_kurlerwochenende2.png","_links":{"self":[{"href":"https:\/\/sv-koerne83.de\/wordpress\/wp-json\/wp\/v2\/posts\/3299","targetHints":{"allow":["GET"]}}],"collection":[{"href":"https:\/\/sv-koerne83.de\/wordpress\/wp-json\/wp\/v2\/posts"}],"about":[{"href":"https:\/\/sv-koerne83.de\/wordpress\/wp-json\/wp\/v2\/types\/post"}],"author":[{"embeddable":true,"href":"https:\/\/sv-koerne83.de\/wordpress\/wp-json\/wp\/v2\/users\/2"}],"replies":[{"embeddable":true,"href":"https:\/\/sv-koerne83.de\/wordpress\/wp-json\/wp\/v2\/comments?post=3299"}],"version-history":[{"count":1,"href":"https:\/\/sv-koerne83.de\/wordpress\/wp-json\/wp\/v2\/posts\/3299\/revisions"}],"predecessor-version":[{"id":3301,"href":"https:\/\/sv-koerne83.de\/wordpress\/wp-json\/wp\/v2\/posts\/3299\/revisions\/3301"}],"wp:featuredmedia":[{"embeddable":true,"href":"https:\/\/sv-koerne83.de\/wordpress\/wp-json\/wp\/v2\/media\/3300"}],"wp:attachment":[{"href":"https:\/\/sv-koerne83.de\/wordpress\/wp-json\/wp\/v2\/media?parent=3299"}],"wp:term":[{"taxonomy":"category","embeddable":true,"href":"https:\/\/sv-koerne83.de\/wordpress\/wp-json\/wp\/v2\/categories?post=3299"},{"taxonomy":"post_tag","embeddable":true,"href":"https:\/\/sv-koerne83.de\/wordpress\/wp-json\/wp\/v2\/tags?post=3299"}],"curies":[{"name":"wp","href":"https:\/\/api.w.org\/{rel}","templated":true}]}}