{"id":3306,"date":"2024-04-12T08:56:46","date_gmt":"2024-04-12T06:56:46","guid":{"rendered":"https:\/\/sv-koerne83.de\/wordpress\/?p=3306"},"modified":"2024-04-12T08:56:46","modified_gmt":"2024-04-12T06:56:46","slug":"c-jugend-empfaengt-den-vfb-westhofen","status":"publish","type":"post","link":"https:\/\/sv-koerne83.de\/wordpress\/2024\/04\/12\/c-jugend-empfaengt-den-vfb-westhofen\/","title":{"rendered":"C-Jugend empf\u00e4ngt den VfB Westhofen"},"content":{"rendered":"\n<p>Bereits am heutigen Freitag empf\u00e4ngt unsere C-Jugend, in einem vorgezogenen Meisterschaftsspiel, das Team vom VfB Westhofen. Unsere C-Jugend belegt aktuell den 7. Tabellenplatz. Der Gast aus Westhofen belegt aktuell den zweiten Tabellenplatz und hat nur einen Punkt R\u00fcckstand auf den Tabellenf\u00fchrer Dortmunder L\u00f6wen. Ebenfalls mussten die Westhofener, in der Hauptrunde, erst 8 Gegentreffer hinnehmen.<\/p>\n\n\n\n<p>Ansto\u00df der Partie, im heimischen Affenk\u00e4fig, ist um 18.00 Uhr. Wir sehen uns im Affenk\u00e4fig!<\/p>\n","protected":false},"excerpt":{"rendered":"<p>Bereits am heutigen Freitag empf\u00e4ngt unsere C-Jugend, in einem vorgezogenen Meisterschaftsspiel, das Team vom VfB Westhofen. Unsere C-Jugend belegt aktuell den 7. Tabellenplatz. Der Gast aus Westhofen belegt aktuell den [&hellip;]<\/p>\n","protected":false},"author":2,"featured_media":3305,"comment_status":"closed","ping_status":"open","sticky":false,"template":"","format":"standard","meta":{"_jetpack_memberships_contains_paid_content":false,"footnotes":""},"categories":[1,35],"tags":[],"class_list":["post-3306","post","type-post","status-publish","format-standard","has-post-thumbnail","hentry","category-allgemein","category-jugend"],"jetpack_sharing_enabled":true,"jetpack_featured_media_url":"https:\/\/sv-koerne83.de\/wordpress\/wp-content\/uploads\/2024\/04\/SVK_Topspiel-News_2022_20232.png","_links":{"self":[{"href":"https:\/\/sv-koerne83.de\/wordpress\/wp-json\/wp\/v2\/posts\/3306","targetHints":{"allow":["GET"]}}],"collection":[{"href":"https:\/\/sv-koerne83.de\/wordpress\/wp-json\/wp\/v2\/posts"}],"about":[{"href":"https:\/\/sv-koerne83.de\/wordpress\/wp-json\/wp\/v2\/types\/post"}],"author":[{"embeddable":true,"href":"https:\/\/sv-koerne83.de\/wordpress\/wp-json\/wp\/v2\/users\/2"}],"replies":[{"embeddable":true,"href":"https:\/\/sv-koerne83.de\/wordpress\/wp-json\/wp\/v2\/comments?post=3306"}],"version-history":[{"count":1,"href":"https:\/\/sv-koerne83.de\/wordpress\/wp-json\/wp\/v2\/posts\/3306\/revisions"}],"predecessor-version":[{"id":3307,"href":"https:\/\/sv-koerne83.de\/wordpress\/wp-json\/wp\/v2\/posts\/3306\/revisions\/3307"}],"wp:featuredmedia":[{"embeddable":true,"href":"https:\/\/sv-koerne83.de\/wordpress\/wp-json\/wp\/v2\/media\/3305"}],"wp:attachment":[{"href":"https:\/\/sv-koerne83.de\/wordpress\/wp-json\/wp\/v2\/media?parent=3306"}],"wp:term":[{"taxonomy":"category","embeddable":true,"href":"https:\/\/sv-koerne83.de\/wordpress\/wp-json\/wp\/v2\/categories?post=3306"},{"taxonomy":"post_tag","embeddable":true,"href":"https:\/\/sv-koerne83.de\/wordpress\/wp-json\/wp\/v2\/tags?post=3306"}],"curies":[{"name":"wp","href":"https:\/\/api.w.org\/{rel}","templated":true}]}}