{"id":3308,"date":"2024-04-15T10:50:26","date_gmt":"2024-04-15T08:50:26","guid":{"rendered":"https:\/\/sv-koerne83.de\/wordpress\/?p=3308"},"modified":"2024-04-16T08:42:00","modified_gmt":"2024-04-16T06:42:00","slug":"d-jugend-spitzenspiel","status":"publish","type":"post","link":"https:\/\/sv-koerne83.de\/wordpress\/2024\/04\/15\/d-jugend-spitzenspiel\/","title":{"rendered":"D-Jugend Spitzenspiel"},"content":{"rendered":"\n<p>Am Samstag findet das Spitzenspiel f\u00fcr unsere D-Jugend im Aufstiegsrennen zum Aufstieg in die Sonderklasse statt. Die Mannschaft von Andi Lorenz reist als Tabellenf\u00fchrer zum FC Wellinghofen. Die Wellinghofener belegen aktuell den zweiten Tabellenplatz und haben zwei Punkte R\u00fcckstand auf unsere D-Jugend. Mit einem Sieg kann die D1 einen gro\u00dfen Schritt in Richtung Sonderklassenaufstieg schaffen. Ansto\u00df auf dem Admiralsplatz (Hopmanns M\u00fchlenweg) ist am Samstag um 11.30 Uhr. Das Team freut sich auf einen gro\u00dfen Fan-Support!<\/p>\n","protected":false},"excerpt":{"rendered":"<p>Am Samstag findet das Spitzenspiel f\u00fcr unsere D-Jugend im Aufstiegsrennen zum Aufstieg in die Sonderklasse statt. Die Mannschaft von Andi Lorenz reist als Tabellenf\u00fchrer zum FC Wellinghofen. Die Wellinghofener belegen [&hellip;]<\/p>\n","protected":false},"author":2,"featured_media":3309,"comment_status":"closed","ping_status":"open","sticky":false,"template":"","format":"standard","meta":{"_jetpack_memberships_contains_paid_content":false,"footnotes":""},"categories":[1,35],"tags":[],"class_list":["post-3308","post","type-post","status-publish","format-standard","has-post-thumbnail","hentry","category-allgemein","category-jugend"],"jetpack_sharing_enabled":true,"jetpack_featured_media_url":"https:\/\/sv-koerne83.de\/wordpress\/wp-content\/uploads\/2024\/04\/SVK_Topspiel-News_2022_20232-1.png","_links":{"self":[{"href":"https:\/\/sv-koerne83.de\/wordpress\/wp-json\/wp\/v2\/posts\/3308","targetHints":{"allow":["GET"]}}],"collection":[{"href":"https:\/\/sv-koerne83.de\/wordpress\/wp-json\/wp\/v2\/posts"}],"about":[{"href":"https:\/\/sv-koerne83.de\/wordpress\/wp-json\/wp\/v2\/types\/post"}],"author":[{"embeddable":true,"href":"https:\/\/sv-koerne83.de\/wordpress\/wp-json\/wp\/v2\/users\/2"}],"replies":[{"embeddable":true,"href":"https:\/\/sv-koerne83.de\/wordpress\/wp-json\/wp\/v2\/comments?post=3308"}],"version-history":[{"count":3,"href":"https:\/\/sv-koerne83.de\/wordpress\/wp-json\/wp\/v2\/posts\/3308\/revisions"}],"predecessor-version":[{"id":3315,"href":"https:\/\/sv-koerne83.de\/wordpress\/wp-json\/wp\/v2\/posts\/3308\/revisions\/3315"}],"wp:featuredmedia":[{"embeddable":true,"href":"https:\/\/sv-koerne83.de\/wordpress\/wp-json\/wp\/v2\/media\/3309"}],"wp:attachment":[{"href":"https:\/\/sv-koerne83.de\/wordpress\/wp-json\/wp\/v2\/media?parent=3308"}],"wp:term":[{"taxonomy":"category","embeddable":true,"href":"https:\/\/sv-koerne83.de\/wordpress\/wp-json\/wp\/v2\/categories?post=3308"},{"taxonomy":"post_tag","embeddable":true,"href":"https:\/\/sv-koerne83.de\/wordpress\/wp-json\/wp\/v2\/tags?post=3308"}],"curies":[{"name":"wp","href":"https:\/\/api.w.org\/{rel}","templated":true}]}}