{"id":3324,"date":"2024-04-25T08:36:03","date_gmt":"2024-04-25T06:36:03","guid":{"rendered":"https:\/\/sv-koerne83.de\/wordpress\/?p=3324"},"modified":"2024-04-25T08:36:04","modified_gmt":"2024-04-25T06:36:04","slug":"saison-highlight-fuer-unsere-minikicker","status":"publish","type":"post","link":"https:\/\/sv-koerne83.de\/wordpress\/2024\/04\/25\/saison-highlight-fuer-unsere-minikicker\/","title":{"rendered":"Saison-Highlight f\u00fcr unsere Minikicker"},"content":{"rendered":"\n<p>Am vergangenen Sonntag erlebten unsere Minikicker einen ganz besonderen Tag. Bereits um 11.30 Uhr ging es mit dem Vereinsbus zur BVB Fu\u00dfballakademie. Hier durften die Kids ein besonderes und interessantes Training erleben. Die BVB-Coaches zeigten unseren Spielern viele tolle Trainings\u00fcbungen. Nach dem Training stand dann der Besuch im Signal Iduna Park an. Hier durften unsere Minikicker noch das Spiel gegen den neuen deutschen Meister Bayer Leverkusen live auf der Trib\u00fcne verfolgen.<\/p>\n\n\n\n<p>Ein gro\u00dfer Dank an die Trainer, Betreuer und Eltern, die die Kids den ganzen Tag begleitet haben. Ihr wart am Ende des Tages gef\u00fchlt m\u00fcder als die Kids.<\/p>\n","protected":false},"excerpt":{"rendered":"<p>Am vergangenen Sonntag erlebten unsere Minikicker einen ganz besonderen Tag. Bereits um 11.30 Uhr ging es mit dem Vereinsbus zur BVB Fu\u00dfballakademie. Hier durften die Kids ein besonderes und interessantes [&hellip;]<\/p>\n","protected":false},"author":2,"featured_media":3323,"comment_status":"closed","ping_status":"open","sticky":false,"template":"","format":"standard","meta":{"_jetpack_memberships_contains_paid_content":false,"footnotes":""},"categories":[1,35],"tags":[],"class_list":["post-3324","post","type-post","status-publish","format-standard","has-post-thumbnail","hentry","category-allgemein","category-jugend"],"jetpack_sharing_enabled":true,"jetpack_featured_media_url":"https:\/\/sv-koerne83.de\/wordpress\/wp-content\/uploads\/2024\/04\/BA3FF615-E876-4E6A-964C-3E98EE9CBC31-scaled.jpeg","_links":{"self":[{"href":"https:\/\/sv-koerne83.de\/wordpress\/wp-json\/wp\/v2\/posts\/3324","targetHints":{"allow":["GET"]}}],"collection":[{"href":"https:\/\/sv-koerne83.de\/wordpress\/wp-json\/wp\/v2\/posts"}],"about":[{"href":"https:\/\/sv-koerne83.de\/wordpress\/wp-json\/wp\/v2\/types\/post"}],"author":[{"embeddable":true,"href":"https:\/\/sv-koerne83.de\/wordpress\/wp-json\/wp\/v2\/users\/2"}],"replies":[{"embeddable":true,"href":"https:\/\/sv-koerne83.de\/wordpress\/wp-json\/wp\/v2\/comments?post=3324"}],"version-history":[{"count":1,"href":"https:\/\/sv-koerne83.de\/wordpress\/wp-json\/wp\/v2\/posts\/3324\/revisions"}],"predecessor-version":[{"id":3325,"href":"https:\/\/sv-koerne83.de\/wordpress\/wp-json\/wp\/v2\/posts\/3324\/revisions\/3325"}],"wp:featuredmedia":[{"embeddable":true,"href":"https:\/\/sv-koerne83.de\/wordpress\/wp-json\/wp\/v2\/media\/3323"}],"wp:attachment":[{"href":"https:\/\/sv-koerne83.de\/wordpress\/wp-json\/wp\/v2\/media?parent=3324"}],"wp:term":[{"taxonomy":"category","embeddable":true,"href":"https:\/\/sv-koerne83.de\/wordpress\/wp-json\/wp\/v2\/categories?post=3324"},{"taxonomy":"post_tag","embeddable":true,"href":"https:\/\/sv-koerne83.de\/wordpress\/wp-json\/wp\/v2\/tags?post=3324"}],"curies":[{"name":"wp","href":"https:\/\/api.w.org\/{rel}","templated":true}]}}