{"id":3349,"date":"2024-04-26T08:21:39","date_gmt":"2024-04-26T06:21:39","guid":{"rendered":"https:\/\/sv-koerne83.de\/wordpress\/?p=3349"},"modified":"2024-04-26T09:05:06","modified_gmt":"2024-04-26T07:05:06","slug":"pruefen-rufen-druecken","status":"publish","type":"post","link":"https:\/\/sv-koerne83.de\/wordpress\/2024\/04\/26\/pruefen-rufen-druecken\/","title":{"rendered":"Pr\u00fcfen-Rufen-Dr\u00fccken"},"content":{"rendered":"\n<p>Am gestrigen Donnerstagabend nahmen unsere beiden E-Jugend Trainer Hannes und Ferdinand an der Veranstaltung &#8222;Pr\u00fcfen-Rufen-Dr\u00fccken&#8220; im Signal Iduna Park teil.<\/p>\n\n\n\n<p>Durch Univ.-Prof. Dr. B\u00f6ttger von der Deutschen Stiftung Wiederbelebung sowie dem Universit\u00e4tsklinikum K\u00f6ln und den Mannschafts\u00e4rzten von Borussia Dortmund konnten die Teilnehmer alles Wichtige zum Thema Herzstillstand erfahren und lernten in praktischen \u00dcbungen die Wiederbelebung.<\/p>\n\n\n\n<p>Der FLVW-Kreis Dortmund hatte zusammen mit dem BVB die Veranstaltung organisiert. Hintergrund war der tragische Tod eines Dortmunder Jugendfu\u00dfballers im letzten Herbst.<\/p>\n\n\n\n<div class=\"wp-block-columns is-layout-flex wp-container-core-columns-is-layout-1 wp-block-columns-is-layout-flex\">\n<div class=\"wp-block-column is-layout-flow wp-block-column-is-layout-flow\">\n<figure class=\"wp-block-image size-large\"><img loading=\"lazy\" decoding=\"async\" width=\"1024\" height=\"1024\" src=\"https:\/\/sv-koerne83.de\/wordpress\/wp-content\/uploads\/2024\/04\/pruefen-rufen-druecken-svk2-1024x1024.png\" alt=\"\" class=\"wp-image-3351\" srcset=\"https:\/\/sv-koerne83.de\/wordpress\/wp-content\/uploads\/2024\/04\/pruefen-rufen-druecken-svk2-1024x1024.png 1024w, https:\/\/sv-koerne83.de\/wordpress\/wp-content\/uploads\/2024\/04\/pruefen-rufen-druecken-svk2-300x300.png 300w, https:\/\/sv-koerne83.de\/wordpress\/wp-content\/uploads\/2024\/04\/pruefen-rufen-druecken-svk2-150x150.png 150w, https:\/\/sv-koerne83.de\/wordpress\/wp-content\/uploads\/2024\/04\/pruefen-rufen-druecken-svk2-768x768.png 768w, https:\/\/sv-koerne83.de\/wordpress\/wp-content\/uploads\/2024\/04\/pruefen-rufen-druecken-svk2-500x500.png 500w, https:\/\/sv-koerne83.de\/wordpress\/wp-content\/uploads\/2024\/04\/pruefen-rufen-druecken-svk2-400x400.png 400w, https:\/\/sv-koerne83.de\/wordpress\/wp-content\/uploads\/2024\/04\/pruefen-rufen-druecken-svk2-128x128.png 128w, https:\/\/sv-koerne83.de\/wordpress\/wp-content\/uploads\/2024\/04\/pruefen-rufen-druecken-svk2-32x32.png 32w, https:\/\/sv-koerne83.de\/wordpress\/wp-content\/uploads\/2024\/04\/pruefen-rufen-druecken-svk2.png 1080w\" sizes=\"auto, (max-width: 1024px) 100vw, 1024px\" \/><\/figure>\n<\/div>\n\n\n\n<div class=\"wp-block-column is-layout-flow wp-block-column-is-layout-flow\">\n<figure class=\"wp-block-image size-large\"><img loading=\"lazy\" decoding=\"async\" width=\"1024\" height=\"1024\" src=\"https:\/\/sv-koerne83.de\/wordpress\/wp-content\/uploads\/2024\/04\/pruefen-rufen-druecken-svk3-1024x1024.png\" alt=\"\" class=\"wp-image-3352\" srcset=\"https:\/\/sv-koerne83.de\/wordpress\/wp-content\/uploads\/2024\/04\/pruefen-rufen-druecken-svk3-1024x1024.png 1024w, https:\/\/sv-koerne83.de\/wordpress\/wp-content\/uploads\/2024\/04\/pruefen-rufen-druecken-svk3-300x300.png 300w, https:\/\/sv-koerne83.de\/wordpress\/wp-content\/uploads\/2024\/04\/pruefen-rufen-druecken-svk3-150x150.png 150w, https:\/\/sv-koerne83.de\/wordpress\/wp-content\/uploads\/2024\/04\/pruefen-rufen-druecken-svk3-768x768.png 768w, https:\/\/sv-koerne83.de\/wordpress\/wp-content\/uploads\/2024\/04\/pruefen-rufen-druecken-svk3-500x500.png 500w, https:\/\/sv-koerne83.de\/wordpress\/wp-content\/uploads\/2024\/04\/pruefen-rufen-druecken-svk3-400x400.png 400w, https:\/\/sv-koerne83.de\/wordpress\/wp-content\/uploads\/2024\/04\/pruefen-rufen-druecken-svk3-128x128.png 128w, https:\/\/sv-koerne83.de\/wordpress\/wp-content\/uploads\/2024\/04\/pruefen-rufen-druecken-svk3-32x32.png 32w, https:\/\/sv-koerne83.de\/wordpress\/wp-content\/uploads\/2024\/04\/pruefen-rufen-druecken-svk3.png 1080w\" sizes=\"auto, (max-width: 1024px) 100vw, 1024px\" \/><\/figure>\n<\/div>\n<\/div>\n","protected":false},"excerpt":{"rendered":"<p>Am gestrigen Donnerstagabend nahmen unsere beiden E-Jugend Trainer Hannes und Ferdinand an der Veranstaltung &#8222;Pr\u00fcfen-Rufen-Dr\u00fccken&#8220; im Signal Iduna Park teil. Durch Univ.-Prof. Dr. B\u00f6ttger von der Deutschen Stiftung Wiederbelebung sowie [&hellip;]<\/p>\n","protected":false},"author":2,"featured_media":3348,"comment_status":"closed","ping_status":"open","sticky":false,"template":"","format":"standard","meta":{"_jetpack_memberships_contains_paid_content":false,"footnotes":""},"categories":[1,35],"tags":[],"class_list":["post-3349","post","type-post","status-publish","format-standard","has-post-thumbnail","hentry","category-allgemein","category-jugend"],"jetpack_sharing_enabled":true,"jetpack_featured_media_url":"https:\/\/sv-koerne83.de\/wordpress\/wp-content\/uploads\/2024\/04\/pruefen-rufen-druecken.png","_links":{"self":[{"href":"https:\/\/sv-koerne83.de\/wordpress\/wp-json\/wp\/v2\/posts\/3349","targetHints":{"allow":["GET"]}}],"collection":[{"href":"https:\/\/sv-koerne83.de\/wordpress\/wp-json\/wp\/v2\/posts"}],"about":[{"href":"https:\/\/sv-koerne83.de\/wordpress\/wp-json\/wp\/v2\/types\/post"}],"author":[{"embeddable":true,"href":"https:\/\/sv-koerne83.de\/wordpress\/wp-json\/wp\/v2\/users\/2"}],"replies":[{"embeddable":true,"href":"https:\/\/sv-koerne83.de\/wordpress\/wp-json\/wp\/v2\/comments?post=3349"}],"version-history":[{"count":2,"href":"https:\/\/sv-koerne83.de\/wordpress\/wp-json\/wp\/v2\/posts\/3349\/revisions"}],"predecessor-version":[{"id":3353,"href":"https:\/\/sv-koerne83.de\/wordpress\/wp-json\/wp\/v2\/posts\/3349\/revisions\/3353"}],"wp:featuredmedia":[{"embeddable":true,"href":"https:\/\/sv-koerne83.de\/wordpress\/wp-json\/wp\/v2\/media\/3348"}],"wp:attachment":[{"href":"https:\/\/sv-koerne83.de\/wordpress\/wp-json\/wp\/v2\/media?parent=3349"}],"wp:term":[{"taxonomy":"category","embeddable":true,"href":"https:\/\/sv-koerne83.de\/wordpress\/wp-json\/wp\/v2\/categories?post=3349"},{"taxonomy":"post_tag","embeddable":true,"href":"https:\/\/sv-koerne83.de\/wordpress\/wp-json\/wp\/v2\/tags?post=3349"}],"curies":[{"name":"wp","href":"https:\/\/api.w.org\/{rel}","templated":true}]}}