{"id":3375,"date":"2024-05-04T08:02:40","date_gmt":"2024-05-04T06:02:40","guid":{"rendered":"https:\/\/sv-koerne83.de\/wordpress\/?p=3375"},"modified":"2024-05-04T08:02:41","modified_gmt":"2024-05-04T06:02:41","slug":"koerner-derby-am-sonntag","status":"publish","type":"post","link":"https:\/\/sv-koerne83.de\/wordpress\/2024\/05\/04\/koerner-derby-am-sonntag\/","title":{"rendered":"K\u00f6rner Derby am Sonntag"},"content":{"rendered":"\n<p>Am morgigen Sonntag findet das K\u00f6rner Derby auf der Sportanlage am Zippen statt. Unsere 1. Mannschaft trifft auf die Zweitvertretung von DJK TuS K\u00f6rne. Beide Mannschaften stehen im Mittelfeld der Tabelle, ben\u00f6tigen aber dennoch dringend Punkte, um den Abstand zu den Abstiegsr\u00e4ngen zu vergr\u00f6\u00dfern. Unsere 1. Mannschaft konnte ihr letztes Spiel gegen den SV Berghofen mit 3:1 gewinnen. Das Team von der DJK musste eine 3:0 Niederlage in Scharnhorst hinnehmen. In einem intensiven Hinspiel setzten sich die TuS&#8217;ler 2:1 durch. Ansto\u00df auf der Sportanlage am Zippen ist am Sonntag um 13.00 Uhr.<\/p>\n","protected":false},"excerpt":{"rendered":"<p>Am morgigen Sonntag findet das K\u00f6rner Derby auf der Sportanlage am Zippen statt. Unsere 1. Mannschaft trifft auf die Zweitvertretung von DJK TuS K\u00f6rne. Beide Mannschaften stehen im Mittelfeld der [&hellip;]<\/p>\n","protected":false},"author":2,"featured_media":3376,"comment_status":"closed","ping_status":"open","sticky":false,"template":"","format":"standard","meta":{"_jetpack_memberships_contains_paid_content":false,"footnotes":""},"categories":[30,1],"tags":[],"class_list":["post-3375","post","type-post","status-publish","format-standard","has-post-thumbnail","hentry","category-1-mannschaft","category-allgemein"],"jetpack_sharing_enabled":true,"jetpack_featured_media_url":"https:\/\/sv-koerne83.de\/wordpress\/wp-content\/uploads\/2024\/05\/SVK_Spieltagsankuendigung_2022_2023_derby2.png","_links":{"self":[{"href":"https:\/\/sv-koerne83.de\/wordpress\/wp-json\/wp\/v2\/posts\/3375","targetHints":{"allow":["GET"]}}],"collection":[{"href":"https:\/\/sv-koerne83.de\/wordpress\/wp-json\/wp\/v2\/posts"}],"about":[{"href":"https:\/\/sv-koerne83.de\/wordpress\/wp-json\/wp\/v2\/types\/post"}],"author":[{"embeddable":true,"href":"https:\/\/sv-koerne83.de\/wordpress\/wp-json\/wp\/v2\/users\/2"}],"replies":[{"embeddable":true,"href":"https:\/\/sv-koerne83.de\/wordpress\/wp-json\/wp\/v2\/comments?post=3375"}],"version-history":[{"count":1,"href":"https:\/\/sv-koerne83.de\/wordpress\/wp-json\/wp\/v2\/posts\/3375\/revisions"}],"predecessor-version":[{"id":3377,"href":"https:\/\/sv-koerne83.de\/wordpress\/wp-json\/wp\/v2\/posts\/3375\/revisions\/3377"}],"wp:featuredmedia":[{"embeddable":true,"href":"https:\/\/sv-koerne83.de\/wordpress\/wp-json\/wp\/v2\/media\/3376"}],"wp:attachment":[{"href":"https:\/\/sv-koerne83.de\/wordpress\/wp-json\/wp\/v2\/media?parent=3375"}],"wp:term":[{"taxonomy":"category","embeddable":true,"href":"https:\/\/sv-koerne83.de\/wordpress\/wp-json\/wp\/v2\/categories?post=3375"},{"taxonomy":"post_tag","embeddable":true,"href":"https:\/\/sv-koerne83.de\/wordpress\/wp-json\/wp\/v2\/tags?post=3375"}],"curies":[{"name":"wp","href":"https:\/\/api.w.org\/{rel}","templated":true}]}}