{"id":3383,"date":"2024-05-06T09:29:23","date_gmt":"2024-05-06T07:29:23","guid":{"rendered":"https:\/\/sv-koerne83.de\/wordpress\/?p=3383"},"modified":"2024-05-06T09:29:23","modified_gmt":"2024-05-06T07:29:23","slug":"derbysieg-und-nichtabstieg","status":"publish","type":"post","link":"https:\/\/sv-koerne83.de\/wordpress\/2024\/05\/06\/derbysieg-und-nichtabstieg\/","title":{"rendered":"Derbysieg und Nichtabstieg"},"content":{"rendered":"\n<p>Am gestrigen Sonntag konnte unsere 1. Mannschaft das Derby gegen DJK TuS K\u00f6rne II mit 1:0 gewinnen. Christian Salk traf in der 65. Minuten zum einzigen Treffer in dieser Partie. Mit dem Sieg belegt die Mannschaft von Trainer Viktor Pusch den 8. Tabellenplatz und hat nun 10 Punkte Vorsprung auf den SC Husen Kurl, der aktuell den Relegationsplatz belegt. Bei drei verbleibenden Spielen ist der Abstieg f\u00fcr die 1. Mannschaft auch rechnerisch nicht mehr m\u00f6glich. Wir freuen uns, dass wir in der n\u00e4chsten Saison erneut Kreisliga A Fu\u00dfball im Affenk\u00e4fig anbieten k\u00f6nnen.<\/p>\n\n\n\n<p>Auch unsere 2. Mannschaft wird in der n\u00e4chsten Saison in der Kreisliga B starten. Das Team von Andree Schmitz, ist schon seit l\u00e4ngerer Zeit fernab von den Abstiegsr\u00e4ngen. Ebenso sieht es bei unseren Frauen aus. Das Team von Trainer Tobias Schigowski belegt aktuell den 7. Tabellenplatz und ist ebenfalls f\u00fcr die Kreisliga A in der n\u00e4chsten Saison gesetzt.<\/p>\n","protected":false},"excerpt":{"rendered":"<p>Am gestrigen Sonntag konnte unsere 1. Mannschaft das Derby gegen DJK TuS K\u00f6rne II mit 1:0 gewinnen. Christian Salk traf in der 65. Minuten zum einzigen Treffer in dieser Partie. [&hellip;]<\/p>\n","protected":false},"author":2,"featured_media":2697,"comment_status":"closed","ping_status":"open","sticky":false,"template":"","format":"standard","meta":{"_jetpack_memberships_contains_paid_content":false,"footnotes":""},"categories":[30,31,1,45],"tags":[],"class_list":["post-3383","post","type-post","status-publish","format-standard","has-post-thumbnail","hentry","category-1-mannschaft","category-2-mannschaft","category-allgemein","category-frauen"],"jetpack_sharing_enabled":true,"jetpack_featured_media_url":"https:\/\/sv-koerne83.de\/wordpress\/wp-content\/uploads\/2022\/12\/erste-mannschaft-2022-2023.jpg","_links":{"self":[{"href":"https:\/\/sv-koerne83.de\/wordpress\/wp-json\/wp\/v2\/posts\/3383","targetHints":{"allow":["GET"]}}],"collection":[{"href":"https:\/\/sv-koerne83.de\/wordpress\/wp-json\/wp\/v2\/posts"}],"about":[{"href":"https:\/\/sv-koerne83.de\/wordpress\/wp-json\/wp\/v2\/types\/post"}],"author":[{"embeddable":true,"href":"https:\/\/sv-koerne83.de\/wordpress\/wp-json\/wp\/v2\/users\/2"}],"replies":[{"embeddable":true,"href":"https:\/\/sv-koerne83.de\/wordpress\/wp-json\/wp\/v2\/comments?post=3383"}],"version-history":[{"count":1,"href":"https:\/\/sv-koerne83.de\/wordpress\/wp-json\/wp\/v2\/posts\/3383\/revisions"}],"predecessor-version":[{"id":3384,"href":"https:\/\/sv-koerne83.de\/wordpress\/wp-json\/wp\/v2\/posts\/3383\/revisions\/3384"}],"wp:featuredmedia":[{"embeddable":true,"href":"https:\/\/sv-koerne83.de\/wordpress\/wp-json\/wp\/v2\/media\/2697"}],"wp:attachment":[{"href":"https:\/\/sv-koerne83.de\/wordpress\/wp-json\/wp\/v2\/media?parent=3383"}],"wp:term":[{"taxonomy":"category","embeddable":true,"href":"https:\/\/sv-koerne83.de\/wordpress\/wp-json\/wp\/v2\/categories?post=3383"},{"taxonomy":"post_tag","embeddable":true,"href":"https:\/\/sv-koerne83.de\/wordpress\/wp-json\/wp\/v2\/tags?post=3383"}],"curies":[{"name":"wp","href":"https:\/\/api.w.org\/{rel}","templated":true}]}}