{"id":3400,"date":"2024-06-03T09:36:23","date_gmt":"2024-06-03T07:36:23","guid":{"rendered":"https:\/\/sv-koerne83.de\/wordpress\/?p=3400"},"modified":"2024-06-03T09:36:24","modified_gmt":"2024-06-03T07:36:24","slug":"open-air-boxen-abgesagt","status":"publish","type":"post","link":"https:\/\/sv-koerne83.de\/wordpress\/2024\/06\/03\/open-air-boxen-abgesagt\/","title":{"rendered":"Open-Air Boxen abgesagt"},"content":{"rendered":"\n<p>Leider m\u00fcssen wir die geplante Open-Air Boxveranstaltung am 08.06.2024 absagen. Die Durchf\u00fchrung dieser Sportveranstaltung ist auf unserer Sportanlage nicht zul\u00e4ssig. Die erworbenen Eintrittskarten k\u00f6nnen bei der Boxabteilung von \u00d6SG Viktoria umgetauscht werden. Die K\u00e4mpfe finden nun am 08.06.2024 in der Sporthalle Uhland-Grundschule statt. Eintritt muss vor Ort neu bezahlt werden.<\/p>\n","protected":false},"excerpt":{"rendered":"<p>Leider m\u00fcssen wir die geplante Open-Air Boxveranstaltung am 08.06.2024 absagen. Die Durchf\u00fchrung dieser Sportveranstaltung ist auf unserer Sportanlage nicht zul\u00e4ssig. Die erworbenen Eintrittskarten k\u00f6nnen bei der Boxabteilung von \u00d6SG Viktoria [&hellip;]<\/p>\n","protected":false},"author":2,"featured_media":3398,"comment_status":"closed","ping_status":"open","sticky":false,"template":"","format":"standard","meta":{"_jetpack_memberships_contains_paid_content":false,"footnotes":""},"categories":[1],"tags":[],"class_list":["post-3400","post","type-post","status-publish","format-standard","has-post-thumbnail","hentry","category-allgemein"],"jetpack_sharing_enabled":true,"jetpack_featured_media_url":"https:\/\/sv-koerne83.de\/wordpress\/wp-content\/uploads\/2024\/02\/Facebook-Veranstaltung_Boxen_SVKoerne83-1-scaled.jpg","_links":{"self":[{"href":"https:\/\/sv-koerne83.de\/wordpress\/wp-json\/wp\/v2\/posts\/3400","targetHints":{"allow":["GET"]}}],"collection":[{"href":"https:\/\/sv-koerne83.de\/wordpress\/wp-json\/wp\/v2\/posts"}],"about":[{"href":"https:\/\/sv-koerne83.de\/wordpress\/wp-json\/wp\/v2\/types\/post"}],"author":[{"embeddable":true,"href":"https:\/\/sv-koerne83.de\/wordpress\/wp-json\/wp\/v2\/users\/2"}],"replies":[{"embeddable":true,"href":"https:\/\/sv-koerne83.de\/wordpress\/wp-json\/wp\/v2\/comments?post=3400"}],"version-history":[{"count":1,"href":"https:\/\/sv-koerne83.de\/wordpress\/wp-json\/wp\/v2\/posts\/3400\/revisions"}],"predecessor-version":[{"id":3401,"href":"https:\/\/sv-koerne83.de\/wordpress\/wp-json\/wp\/v2\/posts\/3400\/revisions\/3401"}],"wp:featuredmedia":[{"embeddable":true,"href":"https:\/\/sv-koerne83.de\/wordpress\/wp-json\/wp\/v2\/media\/3398"}],"wp:attachment":[{"href":"https:\/\/sv-koerne83.de\/wordpress\/wp-json\/wp\/v2\/media?parent=3400"}],"wp:term":[{"taxonomy":"category","embeddable":true,"href":"https:\/\/sv-koerne83.de\/wordpress\/wp-json\/wp\/v2\/categories?post=3400"},{"taxonomy":"post_tag","embeddable":true,"href":"https:\/\/sv-koerne83.de\/wordpress\/wp-json\/wp\/v2\/tags?post=3400"}],"curies":[{"name":"wp","href":"https:\/\/api.w.org\/{rel}","templated":true}]}}