{"id":3402,"date":"2024-06-06T09:39:38","date_gmt":"2024-06-06T07:39:38","guid":{"rendered":"https:\/\/sv-koerne83.de\/wordpress\/?p=3402"},"modified":"2024-06-06T09:39:38","modified_gmt":"2024-06-06T07:39:38","slug":"d-jugend-bei-den-feldmeisterschaften","status":"publish","type":"post","link":"https:\/\/sv-koerne83.de\/wordpress\/2024\/06\/06\/d-jugend-bei-den-feldmeisterschaften\/","title":{"rendered":"D-Jugend bei den Feldmeisterschaften"},"content":{"rendered":"\n<p>Am Samstag spielt unsere D1-Jugend bei den diesj\u00e4hrigen Kinderlachen Feldmeisterschaften mit. Als frischgebackener Aufsteiger in die Sonderklasse, misst sich das Team von Trainer Andi Lorenz mit allen Siegern der jeweiligen Finalrunden. Dabei spielt jedes Team gegen die anderen teilnehmenden Mannschaften, um an Ende einen Gesamtsieger zu ermitteln. Unsere D-Jugend trifft auf folgende Mannschaften: DJK SF Nette II, Dortmunder L\u00f6wen II, FC Merkur 07 II, FC Roj, Hombrucher SV IV, JSG Kley-Oespel, SV Urania L\u00fctgendortmund, Wambeler SV. Das Turnier beginnt um 11.00 Uhr im H\u00f6rder Goystadion.<\/p>\n","protected":false},"excerpt":{"rendered":"<p>Am Samstag spielt unsere D1-Jugend bei den diesj\u00e4hrigen Kinderlachen Feldmeisterschaften mit. Als frischgebackener Aufsteiger in die Sonderklasse, misst sich das Team von Trainer Andi Lorenz mit allen Siegern der jeweiligen [&hellip;]<\/p>\n","protected":false},"author":2,"featured_media":3403,"comment_status":"closed","ping_status":"open","sticky":false,"template":"","format":"standard","meta":{"_jetpack_memberships_contains_paid_content":false,"footnotes":""},"categories":[1],"tags":[],"class_list":["post-3402","post","type-post","status-publish","format-standard","has-post-thumbnail","hentry","category-allgemein"],"jetpack_sharing_enabled":true,"jetpack_featured_media_url":"https:\/\/sv-koerne83.de\/wordpress\/wp-content\/uploads\/2024\/06\/SVK_Spieltagsankuendigung_2024_2025_Feldmeisterschaft.png","_links":{"self":[{"href":"https:\/\/sv-koerne83.de\/wordpress\/wp-json\/wp\/v2\/posts\/3402","targetHints":{"allow":["GET"]}}],"collection":[{"href":"https:\/\/sv-koerne83.de\/wordpress\/wp-json\/wp\/v2\/posts"}],"about":[{"href":"https:\/\/sv-koerne83.de\/wordpress\/wp-json\/wp\/v2\/types\/post"}],"author":[{"embeddable":true,"href":"https:\/\/sv-koerne83.de\/wordpress\/wp-json\/wp\/v2\/users\/2"}],"replies":[{"embeddable":true,"href":"https:\/\/sv-koerne83.de\/wordpress\/wp-json\/wp\/v2\/comments?post=3402"}],"version-history":[{"count":1,"href":"https:\/\/sv-koerne83.de\/wordpress\/wp-json\/wp\/v2\/posts\/3402\/revisions"}],"predecessor-version":[{"id":3404,"href":"https:\/\/sv-koerne83.de\/wordpress\/wp-json\/wp\/v2\/posts\/3402\/revisions\/3404"}],"wp:featuredmedia":[{"embeddable":true,"href":"https:\/\/sv-koerne83.de\/wordpress\/wp-json\/wp\/v2\/media\/3403"}],"wp:attachment":[{"href":"https:\/\/sv-koerne83.de\/wordpress\/wp-json\/wp\/v2\/media?parent=3402"}],"wp:term":[{"taxonomy":"category","embeddable":true,"href":"https:\/\/sv-koerne83.de\/wordpress\/wp-json\/wp\/v2\/categories?post=3402"},{"taxonomy":"post_tag","embeddable":true,"href":"https:\/\/sv-koerne83.de\/wordpress\/wp-json\/wp\/v2\/tags?post=3402"}],"curies":[{"name":"wp","href":"https:\/\/api.w.org\/{rel}","templated":true}]}}