{"id":3432,"date":"2024-07-01T13:50:47","date_gmt":"2024-07-01T11:50:47","guid":{"rendered":"https:\/\/sv-koerne83.de\/wordpress\/?p=3432"},"modified":"2024-07-01T13:50:47","modified_gmt":"2024-07-01T11:50:47","slug":"herren-teams-starten-in-die-vorbereitung","status":"publish","type":"post","link":"https:\/\/sv-koerne83.de\/wordpress\/2024\/07\/01\/herren-teams-starten-in-die-vorbereitung\/","title":{"rendered":"Herren-Teams starten in die Vorbereitung"},"content":{"rendered":"\n<p>Kaum ist am letzten Samstag die Saison f\u00fcr unsere Jugendmannschaften mit unserem E-Jugend Youth Cup zu Ende gegangen, f\u00e4ngt f\u00fcr die Herrenmannschaften die Vorbereitung auf die neue Saison an. Ohne Pause starten wir durch und lassen die Saison 2024\/2025 beginnen.<\/p>\n\n\n\n<p>Bereits am Sonntag d\u00fcrft ihr euch auf die ersten Testspiele, auf heimischer Anlage, freuen. Die 1. Mannschaft spielt um 15.15 Uhr gegen den A-Ligisten SuS Kaiseraus II. Bereits um 13.00 Uhr empf\u00e4ngt unsere 2. Mannschaft das Team von Eintracht Waltrop. Wir sehen uns im Affenk\u00e4fig!<\/p>\n","protected":false},"excerpt":{"rendered":"<p>Kaum ist am letzten Samstag die Saison f\u00fcr unsere Jugendmannschaften mit unserem E-Jugend Youth Cup zu Ende gegangen, f\u00e4ngt f\u00fcr die Herrenmannschaften die Vorbereitung auf die neue Saison an. Ohne [&hellip;]<\/p>\n","protected":false},"author":2,"featured_media":3431,"comment_status":"closed","ping_status":"open","sticky":false,"template":"","format":"standard","meta":{"_jetpack_memberships_contains_paid_content":false,"footnotes":""},"categories":[30,31,1],"tags":[],"class_list":["post-3432","post","type-post","status-publish","format-standard","has-post-thumbnail","hentry","category-1-mannschaft","category-2-mannschaft","category-allgemein"],"jetpack_sharing_enabled":true,"jetpack_featured_media_url":"https:\/\/sv-koerne83.de\/wordpress\/wp-content\/uploads\/2024\/07\/SVK_Spieltagsankuendigung_2024_2025_Topspiel.png","_links":{"self":[{"href":"https:\/\/sv-koerne83.de\/wordpress\/wp-json\/wp\/v2\/posts\/3432","targetHints":{"allow":["GET"]}}],"collection":[{"href":"https:\/\/sv-koerne83.de\/wordpress\/wp-json\/wp\/v2\/posts"}],"about":[{"href":"https:\/\/sv-koerne83.de\/wordpress\/wp-json\/wp\/v2\/types\/post"}],"author":[{"embeddable":true,"href":"https:\/\/sv-koerne83.de\/wordpress\/wp-json\/wp\/v2\/users\/2"}],"replies":[{"embeddable":true,"href":"https:\/\/sv-koerne83.de\/wordpress\/wp-json\/wp\/v2\/comments?post=3432"}],"version-history":[{"count":1,"href":"https:\/\/sv-koerne83.de\/wordpress\/wp-json\/wp\/v2\/posts\/3432\/revisions"}],"predecessor-version":[{"id":3433,"href":"https:\/\/sv-koerne83.de\/wordpress\/wp-json\/wp\/v2\/posts\/3432\/revisions\/3433"}],"wp:featuredmedia":[{"embeddable":true,"href":"https:\/\/sv-koerne83.de\/wordpress\/wp-json\/wp\/v2\/media\/3431"}],"wp:attachment":[{"href":"https:\/\/sv-koerne83.de\/wordpress\/wp-json\/wp\/v2\/media?parent=3432"}],"wp:term":[{"taxonomy":"category","embeddable":true,"href":"https:\/\/sv-koerne83.de\/wordpress\/wp-json\/wp\/v2\/categories?post=3432"},{"taxonomy":"post_tag","embeddable":true,"href":"https:\/\/sv-koerne83.de\/wordpress\/wp-json\/wp\/v2\/tags?post=3432"}],"curies":[{"name":"wp","href":"https:\/\/api.w.org\/{rel}","templated":true}]}}