{"id":3441,"date":"2024-07-12T08:05:15","date_gmt":"2024-07-12T06:05:15","guid":{"rendered":"https:\/\/sv-koerne83.de\/wordpress\/?p=3441"},"modified":"2024-07-12T08:17:37","modified_gmt":"2024-07-12T06:17:37","slug":"testspiele-am-sonntag","status":"publish","type":"post","link":"https:\/\/sv-koerne83.de\/wordpress\/2024\/07\/12\/testspiele-am-sonntag\/","title":{"rendered":"Testspiele am Sonntag"},"content":{"rendered":"\n<p>Am Sonntag empf\u00e4ngt unsere 1. Mannschaft f\u00fcr ein weiteres Testspiel das Team von Viktoria Kirchderne. Die Kirchderner sind in der vergangenen Saison aus der Kreisliga A abgestiegen. Ihr erstes Testspiel gegen den SG Ph\u00f6nix Eving II konnte das Team von Trainer Danny Bredehorn mit 5:4 gewinnen. F\u00fcr unsere 1. Mannschaft kann es der 3 Sieg im dritten Testspiel werden. Ansto\u00df am Winkelriedweg ist um 15.15 Uhr.<\/p>\n\n\n\n<p>Bereits um 13.00 Uhr empf\u00e4ngt unsere 3. Mannschaft das Team vom TuS Kruckel II. F\u00fcr die Mannschaft von Trainer Tobias Schigowski ist es das erste Vorbereitungsspiel in dieser Vorbereitung.<\/p>\n\n\n\n<p>Unsere 2. Mannschaft reist f\u00fcr ihr zweites Vorbereitungsspiel zum B-Ligisten FC Frohlinde III. Ansto\u00df auf der Sportanlage Brandheide, in Castrop-Rauxel, ist um 13.00 Uhr.<\/p>\n","protected":false},"excerpt":{"rendered":"<p>Am Sonntag empf\u00e4ngt unsere 1. Mannschaft f\u00fcr ein weiteres Testspiel das Team von Viktoria Kirchderne. Die Kirchderner sind in der vergangenen Saison aus der Kreisliga A abgestiegen. Ihr erstes Testspiel [&hellip;]<\/p>\n","protected":false},"author":2,"featured_media":3442,"comment_status":"closed","ping_status":"open","sticky":false,"template":"","format":"standard","meta":{"_jetpack_memberships_contains_paid_content":false,"footnotes":""},"categories":[30,31,32,1],"tags":[],"class_list":["post-3441","post","type-post","status-publish","format-standard","has-post-thumbnail","hentry","category-1-mannschaft","category-2-mannschaft","category-3-mannschaft","category-allgemein"],"jetpack_sharing_enabled":true,"jetpack_featured_media_url":"https:\/\/sv-koerne83.de\/wordpress\/wp-content\/uploads\/2024\/07\/SVK_Spieltagsankuendigung_2024_2025_Testspiel.png","_links":{"self":[{"href":"https:\/\/sv-koerne83.de\/wordpress\/wp-json\/wp\/v2\/posts\/3441","targetHints":{"allow":["GET"]}}],"collection":[{"href":"https:\/\/sv-koerne83.de\/wordpress\/wp-json\/wp\/v2\/posts"}],"about":[{"href":"https:\/\/sv-koerne83.de\/wordpress\/wp-json\/wp\/v2\/types\/post"}],"author":[{"embeddable":true,"href":"https:\/\/sv-koerne83.de\/wordpress\/wp-json\/wp\/v2\/users\/2"}],"replies":[{"embeddable":true,"href":"https:\/\/sv-koerne83.de\/wordpress\/wp-json\/wp\/v2\/comments?post=3441"}],"version-history":[{"count":2,"href":"https:\/\/sv-koerne83.de\/wordpress\/wp-json\/wp\/v2\/posts\/3441\/revisions"}],"predecessor-version":[{"id":3444,"href":"https:\/\/sv-koerne83.de\/wordpress\/wp-json\/wp\/v2\/posts\/3441\/revisions\/3444"}],"wp:featuredmedia":[{"embeddable":true,"href":"https:\/\/sv-koerne83.de\/wordpress\/wp-json\/wp\/v2\/media\/3442"}],"wp:attachment":[{"href":"https:\/\/sv-koerne83.de\/wordpress\/wp-json\/wp\/v2\/media?parent=3441"}],"wp:term":[{"taxonomy":"category","embeddable":true,"href":"https:\/\/sv-koerne83.de\/wordpress\/wp-json\/wp\/v2\/categories?post=3441"},{"taxonomy":"post_tag","embeddable":true,"href":"https:\/\/sv-koerne83.de\/wordpress\/wp-json\/wp\/v2\/tags?post=3441"}],"curies":[{"name":"wp","href":"https:\/\/api.w.org\/{rel}","templated":true}]}}