{"id":3469,"date":"2024-08-07T12:22:52","date_gmt":"2024-08-07T10:22:52","guid":{"rendered":"https:\/\/sv-koerne83.de\/wordpress\/?p=3469"},"modified":"2024-08-07T12:22:53","modified_gmt":"2024-08-07T10:22:53","slug":"saisonstart-bei-den-herren","status":"publish","type":"post","link":"https:\/\/sv-koerne83.de\/wordpress\/2024\/08\/07\/saisonstart-bei-den-herren\/","title":{"rendered":"Saisonstart bei den Herren"},"content":{"rendered":"\n<p>Am Sonntag startet die Saison 2024\/2025. Wir sind in dieser Spielzeit erneut mit drei Herrenmannschaften am Start und freuen uns auf spannende Ausw\u00e4rtsduelle und interessante Heimspiele. F\u00fcr unsere 1. Mannschaft beginnt die Saison mit einem Ausw\u00e4rtsspiel. Bereits um 13.00 Uhr trifft das Team von Trainer Viktor Pusch auf den Aufsteiger Brackel 61 II. Gespielt wird auf dem Sportplatz Brauksweg. F\u00fcr unsere 2. Mannschaft beginnt die Saison mit einem Heimspiel. Um 15.15 Uhr empf\u00e4ngt das Team von Trainer Andree Schmitz, in der Kreisliga B, die Mannschaft von TuS Neuasseln. Unsere 3. Mannschaft reist in ihrem Auftaktspiel nach Eving-Lindenhorst und trifft um 17.15 Uhr auf RW Balikesirspor II. Allen Mannschaften einen guten Saisonstart und eine erfolgreiche Saison 2024\/2025.<\/p>\n","protected":false},"excerpt":{"rendered":"<p>Am Sonntag startet die Saison 2024\/2025. Wir sind in dieser Spielzeit erneut mit drei Herrenmannschaften am Start und freuen uns auf spannende Ausw\u00e4rtsduelle und interessante Heimspiele. F\u00fcr unsere 1. Mannschaft [&hellip;]<\/p>\n","protected":false},"author":2,"featured_media":3470,"comment_status":"closed","ping_status":"open","sticky":false,"template":"","format":"standard","meta":{"_jetpack_memberships_contains_paid_content":false,"footnotes":""},"categories":[30,31,32],"tags":[],"class_list":["post-3469","post","type-post","status-publish","format-standard","has-post-thumbnail","hentry","category-1-mannschaft","category-2-mannschaft","category-3-mannschaft"],"jetpack_sharing_enabled":true,"jetpack_featured_media_url":"https:\/\/sv-koerne83.de\/wordpress\/wp-content\/uploads\/2024\/08\/SVK_Spieltagsankuendigung_2024_2025_Topspiel.png","_links":{"self":[{"href":"https:\/\/sv-koerne83.de\/wordpress\/wp-json\/wp\/v2\/posts\/3469","targetHints":{"allow":["GET"]}}],"collection":[{"href":"https:\/\/sv-koerne83.de\/wordpress\/wp-json\/wp\/v2\/posts"}],"about":[{"href":"https:\/\/sv-koerne83.de\/wordpress\/wp-json\/wp\/v2\/types\/post"}],"author":[{"embeddable":true,"href":"https:\/\/sv-koerne83.de\/wordpress\/wp-json\/wp\/v2\/users\/2"}],"replies":[{"embeddable":true,"href":"https:\/\/sv-koerne83.de\/wordpress\/wp-json\/wp\/v2\/comments?post=3469"}],"version-history":[{"count":1,"href":"https:\/\/sv-koerne83.de\/wordpress\/wp-json\/wp\/v2\/posts\/3469\/revisions"}],"predecessor-version":[{"id":3471,"href":"https:\/\/sv-koerne83.de\/wordpress\/wp-json\/wp\/v2\/posts\/3469\/revisions\/3471"}],"wp:featuredmedia":[{"embeddable":true,"href":"https:\/\/sv-koerne83.de\/wordpress\/wp-json\/wp\/v2\/media\/3470"}],"wp:attachment":[{"href":"https:\/\/sv-koerne83.de\/wordpress\/wp-json\/wp\/v2\/media?parent=3469"}],"wp:term":[{"taxonomy":"category","embeddable":true,"href":"https:\/\/sv-koerne83.de\/wordpress\/wp-json\/wp\/v2\/categories?post=3469"},{"taxonomy":"post_tag","embeddable":true,"href":"https:\/\/sv-koerne83.de\/wordpress\/wp-json\/wp\/v2\/tags?post=3469"}],"curies":[{"name":"wp","href":"https:\/\/api.w.org\/{rel}","templated":true}]}}