{"id":3476,"date":"2024-08-15T12:46:43","date_gmt":"2024-08-15T10:46:43","guid":{"rendered":"https:\/\/sv-koerne83.de\/wordpress\/?p=3476"},"modified":"2024-08-15T12:46:43","modified_gmt":"2024-08-15T10:46:43","slug":"1-mannschaft-empfaengt-aufstiegsaspiranten","status":"publish","type":"post","link":"https:\/\/sv-koerne83.de\/wordpress\/2024\/08\/15\/1-mannschaft-empfaengt-aufstiegsaspiranten\/","title":{"rendered":"1. Mannschaft empf\u00e4ngt Aufstiegsaspiranten"},"content":{"rendered":"\n<p>Am Sonntag empf\u00e4ngt unsere 1. Mannschaft, in ihrem ersten Heimspiel der Saison, mit dem H\u00f6rder SC gleich einen Aufstiegsfavoriten. Das Team von Trainer Marcel Greig wurde vor der Saison von vielen Trainern als Aufstiegskandidat in die Bezirksliga gesehen. Diese Einsch\u00e4tzung belegte die Mannschaft von der H\u00fcttenhospitalstra\u00dfe direkt in ihrem ersten Spiel. Hier schlugen sie BW Alstedde mit 3:2. <\/p>\n\n\n\n<p>Unsere 1. Mannschaft muss sich, nach dem ungl\u00fccklichen Unentschieden am letzten Sonntag, den Mund abputzen und das bevorstehende Spiel wieder mit voller Motivation annehmen. Wir freuen uns auf viele Besucher und auf eine gro\u00dfe Unterst\u00fctzung f\u00fcr unsere 1. Mannschaft.<\/p>\n\n\n\n<p>Bereits um 13.00 Uhr spielt unsere 3. Mannschaft in ihrem zweiten Saisonspiel gegen die Dortmunder L\u00f6wen III. Unsere 2. Mannschaft spielt um 15.00 Uhr ausw\u00e4rts bei TuRa Asseln.<\/p>\n\n\n\n<p>Wir sehen uns im Affenk\u00e4fig!<\/p>\n","protected":false},"excerpt":{"rendered":"<p>Am Sonntag empf\u00e4ngt unsere 1. Mannschaft, in ihrem ersten Heimspiel der Saison, mit dem H\u00f6rder SC gleich einen Aufstiegsfavoriten. Das Team von Trainer Marcel Greig wurde vor der Saison von [&hellip;]<\/p>\n","protected":false},"author":2,"featured_media":3477,"comment_status":"closed","ping_status":"open","sticky":false,"template":"","format":"standard","meta":{"_jetpack_memberships_contains_paid_content":false,"footnotes":""},"categories":[30,31,32,1],"tags":[],"class_list":["post-3476","post","type-post","status-publish","format-standard","has-post-thumbnail","hentry","category-1-mannschaft","category-2-mannschaft","category-3-mannschaft","category-allgemein"],"jetpack_sharing_enabled":true,"jetpack_featured_media_url":"https:\/\/sv-koerne83.de\/wordpress\/wp-content\/uploads\/2024\/08\/SVK_Spieltagsankuendigung_2024_2025_Topspiel-1.png","_links":{"self":[{"href":"https:\/\/sv-koerne83.de\/wordpress\/wp-json\/wp\/v2\/posts\/3476","targetHints":{"allow":["GET"]}}],"collection":[{"href":"https:\/\/sv-koerne83.de\/wordpress\/wp-json\/wp\/v2\/posts"}],"about":[{"href":"https:\/\/sv-koerne83.de\/wordpress\/wp-json\/wp\/v2\/types\/post"}],"author":[{"embeddable":true,"href":"https:\/\/sv-koerne83.de\/wordpress\/wp-json\/wp\/v2\/users\/2"}],"replies":[{"embeddable":true,"href":"https:\/\/sv-koerne83.de\/wordpress\/wp-json\/wp\/v2\/comments?post=3476"}],"version-history":[{"count":1,"href":"https:\/\/sv-koerne83.de\/wordpress\/wp-json\/wp\/v2\/posts\/3476\/revisions"}],"predecessor-version":[{"id":3478,"href":"https:\/\/sv-koerne83.de\/wordpress\/wp-json\/wp\/v2\/posts\/3476\/revisions\/3478"}],"wp:featuredmedia":[{"embeddable":true,"href":"https:\/\/sv-koerne83.de\/wordpress\/wp-json\/wp\/v2\/media\/3477"}],"wp:attachment":[{"href":"https:\/\/sv-koerne83.de\/wordpress\/wp-json\/wp\/v2\/media?parent=3476"}],"wp:term":[{"taxonomy":"category","embeddable":true,"href":"https:\/\/sv-koerne83.de\/wordpress\/wp-json\/wp\/v2\/categories?post=3476"},{"taxonomy":"post_tag","embeddable":true,"href":"https:\/\/sv-koerne83.de\/wordpress\/wp-json\/wp\/v2\/tags?post=3476"}],"curies":[{"name":"wp","href":"https:\/\/api.w.org\/{rel}","templated":true}]}}