{"id":3485,"date":"2024-08-23T07:24:17","date_gmt":"2024-08-23T05:24:17","guid":{"rendered":"https:\/\/sv-koerne83.de\/wordpress\/?p=3485"},"modified":"2024-08-23T07:24:17","modified_gmt":"2024-08-23T05:24:17","slug":"erste-pokalrunde","status":"publish","type":"post","link":"https:\/\/sv-koerne83.de\/wordpress\/2024\/08\/23\/erste-pokalrunde\/","title":{"rendered":"Erste Pokalrunde"},"content":{"rendered":"\n<p>Am Samstag und Sonntag startet die 1. Runde im diesj\u00e4hrigen Kreispokal bei der A-, B- und C-Jugend.<\/p>\n\n\n\n<p>Unsere C-Jugend empf\u00e4ngt am Samstag das Team von T\u00fcrkspor Dortmund. In der letzten Saison belegt das Team vom Mendeplatz den 4. Platz in der Hauptrunde &#8211; Staffel A1. Ansto\u00df am Winkelriedweg ist um 15.00 Uhr<\/p>\n\n\n\n<p>Unsere B-Jugend reist am Sonntag zu Teutonia Lanstrop. Die Mannschaft aus Lanstrop wurde in dieser Saison neu gegr\u00fcndet. Ansto\u00df auf dem Sportplatz B\u00fcttnerstra\u00dfe ist um 12.45 Uhr.<\/p>\n\n\n\n<p>Die A-Jugend bestreitet am Sonntagmorgen ihr Pokalspiel bei Viktoria Kirchderne. Hier ist die A-Jugend als Sonderklassen-Team in der Favoritenrolle. Der Gastgeber stellte in der letzten Saison keine A-Jugend. Ansto\u00df ist um 10.45 Uhr.&nbsp;<\/p>\n","protected":false},"excerpt":{"rendered":"<p>Am Samstag und Sonntag startet die 1. Runde im diesj\u00e4hrigen Kreispokal bei der A-, B- und C-Jugend. Unsere C-Jugend empf\u00e4ngt am Samstag das Team von T\u00fcrkspor Dortmund. In der letzten [&hellip;]<\/p>\n","protected":false},"author":2,"featured_media":3484,"comment_status":"closed","ping_status":"open","sticky":false,"template":"","format":"standard","meta":{"_jetpack_memberships_contains_paid_content":false,"footnotes":""},"categories":[1],"tags":[],"class_list":["post-3485","post","type-post","status-publish","format-standard","has-post-thumbnail","hentry","category-allgemein"],"jetpack_sharing_enabled":true,"jetpack_featured_media_url":"https:\/\/sv-koerne83.de\/wordpress\/wp-content\/uploads\/2024\/08\/IMG_4611.png","_links":{"self":[{"href":"https:\/\/sv-koerne83.de\/wordpress\/wp-json\/wp\/v2\/posts\/3485","targetHints":{"allow":["GET"]}}],"collection":[{"href":"https:\/\/sv-koerne83.de\/wordpress\/wp-json\/wp\/v2\/posts"}],"about":[{"href":"https:\/\/sv-koerne83.de\/wordpress\/wp-json\/wp\/v2\/types\/post"}],"author":[{"embeddable":true,"href":"https:\/\/sv-koerne83.de\/wordpress\/wp-json\/wp\/v2\/users\/2"}],"replies":[{"embeddable":true,"href":"https:\/\/sv-koerne83.de\/wordpress\/wp-json\/wp\/v2\/comments?post=3485"}],"version-history":[{"count":1,"href":"https:\/\/sv-koerne83.de\/wordpress\/wp-json\/wp\/v2\/posts\/3485\/revisions"}],"predecessor-version":[{"id":3486,"href":"https:\/\/sv-koerne83.de\/wordpress\/wp-json\/wp\/v2\/posts\/3485\/revisions\/3486"}],"wp:featuredmedia":[{"embeddable":true,"href":"https:\/\/sv-koerne83.de\/wordpress\/wp-json\/wp\/v2\/media\/3484"}],"wp:attachment":[{"href":"https:\/\/sv-koerne83.de\/wordpress\/wp-json\/wp\/v2\/media?parent=3485"}],"wp:term":[{"taxonomy":"category","embeddable":true,"href":"https:\/\/sv-koerne83.de\/wordpress\/wp-json\/wp\/v2\/categories?post=3485"},{"taxonomy":"post_tag","embeddable":true,"href":"https:\/\/sv-koerne83.de\/wordpress\/wp-json\/wp\/v2\/tags?post=3485"}],"curies":[{"name":"wp","href":"https:\/\/api.w.org\/{rel}","templated":true}]}}