{"id":3508,"date":"2024-08-28T13:10:35","date_gmt":"2024-08-28T11:10:35","guid":{"rendered":"https:\/\/sv-koerne83.de\/wordpress\/?p=3508"},"modified":"2024-08-28T13:10:36","modified_gmt":"2024-08-28T11:10:36","slug":"1-mannschaft-empfaengt-alemannia-scharnhorst","status":"publish","type":"post","link":"https:\/\/sv-koerne83.de\/wordpress\/2024\/08\/28\/1-mannschaft-empfaengt-alemannia-scharnhorst\/","title":{"rendered":"1. Mannschaft empf\u00e4ngt Alemannia Scharnhorst"},"content":{"rendered":"\n<p>Am 4. Spieltag der Kreisliga A empf\u00e4ngt unsere 1. Mannschaft das Team von Alemannia Scharnhorst. Die Scharnhorster belegen den 12. Tabellenplatz und haben, genauso wie unsere 1. Mannschaft, erst einen Punkt auf ihrem Konto. Das Team von Trainer Viktor Pusch belegt aktuell den 11. Tabellenplatz und konnte aktuell ein Tor mehr erzielen, als der Gast aus Scharnhorst. F\u00fcr beide Mannschaften ist ein Sieg enorm wichtig. Ansto\u00df am Sonntag, im heimischen Affenk\u00e4fig, ist um 15.15 Uhr. Wir sehen uns im Affenk\u00e4fig!<\/p>\n","protected":false},"excerpt":{"rendered":"<p>Am 4. Spieltag der Kreisliga A empf\u00e4ngt unsere 1. Mannschaft das Team von Alemannia Scharnhorst. Die Scharnhorster belegen den 12. Tabellenplatz und haben, genauso wie unsere 1. Mannschaft, erst einen [&hellip;]<\/p>\n","protected":false},"author":2,"featured_media":3509,"comment_status":"closed","ping_status":"open","sticky":false,"template":"","format":"standard","meta":{"_jetpack_memberships_contains_paid_content":false,"footnotes":""},"categories":[30,1],"tags":[],"class_list":["post-3508","post","type-post","status-publish","format-standard","has-post-thumbnail","hentry","category-1-mannschaft","category-allgemein"],"jetpack_sharing_enabled":true,"jetpack_featured_media_url":"https:\/\/sv-koerne83.de\/wordpress\/wp-content\/uploads\/2024\/08\/SVK_Spieltagsankuendigung_2024_2025_Topspiel-3.png","_links":{"self":[{"href":"https:\/\/sv-koerne83.de\/wordpress\/wp-json\/wp\/v2\/posts\/3508","targetHints":{"allow":["GET"]}}],"collection":[{"href":"https:\/\/sv-koerne83.de\/wordpress\/wp-json\/wp\/v2\/posts"}],"about":[{"href":"https:\/\/sv-koerne83.de\/wordpress\/wp-json\/wp\/v2\/types\/post"}],"author":[{"embeddable":true,"href":"https:\/\/sv-koerne83.de\/wordpress\/wp-json\/wp\/v2\/users\/2"}],"replies":[{"embeddable":true,"href":"https:\/\/sv-koerne83.de\/wordpress\/wp-json\/wp\/v2\/comments?post=3508"}],"version-history":[{"count":1,"href":"https:\/\/sv-koerne83.de\/wordpress\/wp-json\/wp\/v2\/posts\/3508\/revisions"}],"predecessor-version":[{"id":3510,"href":"https:\/\/sv-koerne83.de\/wordpress\/wp-json\/wp\/v2\/posts\/3508\/revisions\/3510"}],"wp:featuredmedia":[{"embeddable":true,"href":"https:\/\/sv-koerne83.de\/wordpress\/wp-json\/wp\/v2\/media\/3509"}],"wp:attachment":[{"href":"https:\/\/sv-koerne83.de\/wordpress\/wp-json\/wp\/v2\/media?parent=3508"}],"wp:term":[{"taxonomy":"category","embeddable":true,"href":"https:\/\/sv-koerne83.de\/wordpress\/wp-json\/wp\/v2\/categories?post=3508"},{"taxonomy":"post_tag","embeddable":true,"href":"https:\/\/sv-koerne83.de\/wordpress\/wp-json\/wp\/v2\/tags?post=3508"}],"curies":[{"name":"wp","href":"https:\/\/api.w.org\/{rel}","templated":true}]}}