{"id":3521,"date":"2024-09-10T10:20:30","date_gmt":"2024-09-10T08:20:30","guid":{"rendered":"https:\/\/sv-koerne83.de\/wordpress\/?p=3521"},"modified":"2024-09-10T10:20:31","modified_gmt":"2024-09-10T08:20:31","slug":"zwischenrunde-im-jugend-kreispokal","status":"publish","type":"post","link":"https:\/\/sv-koerne83.de\/wordpress\/2024\/09\/10\/zwischenrunde-im-jugend-kreispokal\/","title":{"rendered":"Zwischenrunde im Jugend-Kreispokal"},"content":{"rendered":"\n<p>Am morgigen Mittwoch findet im Jugend-Kreispokal die Zwischenrunde statt. Unsere C-Jugend reist zum Ausw\u00e4rtsspiel nach Neuasseln. F\u00fcr die Neuasselner ist es ihr erstes Pokalspiel in dieser Saison. Die Mannschaft von der Holzwickederstra\u00dfe hatte ein Freilos in der ersten Runde. Das Team von Yassir Bouzerda ist nach einem 3:2 Sieg gegen T\u00fcrkspor Dortmund in die Zwischenrunde eingezogen. Ansto\u00df an der Holzwickederstra\u00dfe ist um 18.00 Uhr.<\/p>\n\n\n\n<p>Unser B-Jugend empf\u00e4ngt im Heimspiel den FC Hellweg L\u00fctgendortmund. Die L\u00fctgendortmunder gewannen in der ersten Runde mit 4:3 gegen die SG Gahmen. Das Team von Thomas Meier konnte sich mit 7:0 bei Teutonia Lanstrop durchsetzen. Ansto\u00df am Winkelriedweg ist um 18:30 Uhr. Beide Mannschaften freuen sich \u00fcber viel Unterst\u00fctzung!<\/p>\n","protected":false},"excerpt":{"rendered":"<p>Am morgigen Mittwoch findet im Jugend-Kreispokal die Zwischenrunde statt. Unsere C-Jugend reist zum Ausw\u00e4rtsspiel nach Neuasseln. F\u00fcr die Neuasselner ist es ihr erstes Pokalspiel in dieser Saison. Die Mannschaft von [&hellip;]<\/p>\n","protected":false},"author":2,"featured_media":3520,"comment_status":"closed","ping_status":"open","sticky":false,"template":"","format":"standard","meta":{"_jetpack_memberships_contains_paid_content":false,"footnotes":""},"categories":[1,35],"tags":[],"class_list":["post-3521","post","type-post","status-publish","format-standard","has-post-thumbnail","hentry","category-allgemein","category-jugend"],"jetpack_sharing_enabled":true,"jetpack_featured_media_url":"https:\/\/sv-koerne83.de\/wordpress\/wp-content\/uploads\/2024\/09\/SVK_Spieltagsankuendigung_2024_2025_Kreispokal.png","_links":{"self":[{"href":"https:\/\/sv-koerne83.de\/wordpress\/wp-json\/wp\/v2\/posts\/3521","targetHints":{"allow":["GET"]}}],"collection":[{"href":"https:\/\/sv-koerne83.de\/wordpress\/wp-json\/wp\/v2\/posts"}],"about":[{"href":"https:\/\/sv-koerne83.de\/wordpress\/wp-json\/wp\/v2\/types\/post"}],"author":[{"embeddable":true,"href":"https:\/\/sv-koerne83.de\/wordpress\/wp-json\/wp\/v2\/users\/2"}],"replies":[{"embeddable":true,"href":"https:\/\/sv-koerne83.de\/wordpress\/wp-json\/wp\/v2\/comments?post=3521"}],"version-history":[{"count":1,"href":"https:\/\/sv-koerne83.de\/wordpress\/wp-json\/wp\/v2\/posts\/3521\/revisions"}],"predecessor-version":[{"id":3522,"href":"https:\/\/sv-koerne83.de\/wordpress\/wp-json\/wp\/v2\/posts\/3521\/revisions\/3522"}],"wp:featuredmedia":[{"embeddable":true,"href":"https:\/\/sv-koerne83.de\/wordpress\/wp-json\/wp\/v2\/media\/3520"}],"wp:attachment":[{"href":"https:\/\/sv-koerne83.de\/wordpress\/wp-json\/wp\/v2\/media?parent=3521"}],"wp:term":[{"taxonomy":"category","embeddable":true,"href":"https:\/\/sv-koerne83.de\/wordpress\/wp-json\/wp\/v2\/categories?post=3521"},{"taxonomy":"post_tag","embeddable":true,"href":"https:\/\/sv-koerne83.de\/wordpress\/wp-json\/wp\/v2\/tags?post=3521"}],"curies":[{"name":"wp","href":"https:\/\/api.w.org\/{rel}","templated":true}]}}