{"id":3525,"date":"2024-09-11T15:08:47","date_gmt":"2024-09-11T13:08:47","guid":{"rendered":"https:\/\/sv-koerne83.de\/wordpress\/?p=3525"},"modified":"2024-09-11T15:08:47","modified_gmt":"2024-09-11T13:08:47","slug":"sparda-leuchtfeuer","status":"publish","type":"post","link":"https:\/\/sv-koerne83.de\/wordpress\/2024\/09\/11\/sparda-leuchtfeuer\/","title":{"rendered":"Sparda Leuchtfeuer"},"content":{"rendered":"\n<p>Wir machen in diesem Jahr beim Sparda Leuchtfeuer mit. Mit eurer Stimme k\u00f6nnt ihr unser Projekt &#8222;Modernisierung der Sportanlage&#8220; unterst\u00fctzen. Hierf\u00fcr m\u00fcsst ihr lediglich f\u00fcr uns abstimmen.<\/p>\n\n\n\n<p><strong>So funktioniert die Abstimmung<\/strong><br>Ruft folgende Seite auf: <a href=\"https:\/\/spardaleuchtfeuer.de\/code-anfordern\/\" target=\"_blank\" rel=\"noreferrer noopener\"><strong>https:\/\/spardaleuchtfeuer.de\/code-anfordern\/<\/strong><\/a><br>Hier m\u00fcsst ihr einmal eure Handynummer eingeben, um einen Code per SMS zu erhalten. Unseren Verein suchen und mit dem Code f\u00fcr uns abstimmen!<\/p>\n\n\n\n<p><strong>Unser Projekt<br><\/strong>Nur durch Spenden k\u00f6nnen wir bereits auf viele finanzierte Projekte innerhalb der letzten 4 Jahre zur\u00fcckblicken, um unsere bisherigen Projekte, Ziele und Anschaffungen durchzuf\u00fchren. Nachdem wir bereits viele Themen zur Nachhaltigkeit (z.B. Photovoltaikanlage, LED Flutlicht) oder Sicherheit (z.B. Anschaffung zweier Defibrillatoren) angegangen sind, ist unsere alte Gasheizung in die Jahre gekommen und muss sp\u00e4testens im n\u00e4chsten Jahr ausgetauscht werden. Bevor die Duschen und die R\u00e4umlichkeiten dauerhaft kalt bleiben, freuen wir uns auf eure Unterst\u00fctzung. Die Kosten einer neuen Anlage beginnen bei 15.000 Euro, wobei gerade bei sehr guten und nachhaltigen L\u00f6sungen den Anschaffungskosten nach oben keine Grenzen gesetzt sind. Diese liegen dann auch beim drei- bis vierfachen Preis. Nach ersten Sch\u00e4tzungen f\u00fcr eine gute L\u00f6sung m\u00fcssen wir 25.000 Euro einkalkulieren, die wir ohne externe Unterst\u00fctzung durch unsere vorhandenen R\u00fccklagen nicht abdecken k\u00f6nnten.<\/p>\n","protected":false},"excerpt":{"rendered":"<p>Wir machen in diesem Jahr beim Sparda Leuchtfeuer mit. Mit eurer Stimme k\u00f6nnt ihr unser Projekt &#8222;Modernisierung der Sportanlage&#8220; unterst\u00fctzen. Hierf\u00fcr m\u00fcsst ihr lediglich f\u00fcr uns abstimmen. So funktioniert die [&hellip;]<\/p>\n","protected":false},"author":2,"featured_media":3524,"comment_status":"closed","ping_status":"open","sticky":false,"template":"","format":"standard","meta":{"_jetpack_memberships_contains_paid_content":false,"footnotes":""},"categories":[1],"tags":[],"class_list":["post-3525","post","type-post","status-publish","format-standard","has-post-thumbnail","hentry","category-allgemein"],"jetpack_sharing_enabled":true,"jetpack_featured_media_url":"https:\/\/sv-koerne83.de\/wordpress\/wp-content\/uploads\/2024\/09\/spardaleuchtfeuer2024-keyvisual.jpg","_links":{"self":[{"href":"https:\/\/sv-koerne83.de\/wordpress\/wp-json\/wp\/v2\/posts\/3525","targetHints":{"allow":["GET"]}}],"collection":[{"href":"https:\/\/sv-koerne83.de\/wordpress\/wp-json\/wp\/v2\/posts"}],"about":[{"href":"https:\/\/sv-koerne83.de\/wordpress\/wp-json\/wp\/v2\/types\/post"}],"author":[{"embeddable":true,"href":"https:\/\/sv-koerne83.de\/wordpress\/wp-json\/wp\/v2\/users\/2"}],"replies":[{"embeddable":true,"href":"https:\/\/sv-koerne83.de\/wordpress\/wp-json\/wp\/v2\/comments?post=3525"}],"version-history":[{"count":1,"href":"https:\/\/sv-koerne83.de\/wordpress\/wp-json\/wp\/v2\/posts\/3525\/revisions"}],"predecessor-version":[{"id":3526,"href":"https:\/\/sv-koerne83.de\/wordpress\/wp-json\/wp\/v2\/posts\/3525\/revisions\/3526"}],"wp:featuredmedia":[{"embeddable":true,"href":"https:\/\/sv-koerne83.de\/wordpress\/wp-json\/wp\/v2\/media\/3524"}],"wp:attachment":[{"href":"https:\/\/sv-koerne83.de\/wordpress\/wp-json\/wp\/v2\/media?parent=3525"}],"wp:term":[{"taxonomy":"category","embeddable":true,"href":"https:\/\/sv-koerne83.de\/wordpress\/wp-json\/wp\/v2\/categories?post=3525"},{"taxonomy":"post_tag","embeddable":true,"href":"https:\/\/sv-koerne83.de\/wordpress\/wp-json\/wp\/v2\/tags?post=3525"}],"curies":[{"name":"wp","href":"https:\/\/api.w.org\/{rel}","templated":true}]}}