{"id":3530,"date":"2024-09-12T10:22:00","date_gmt":"2024-09-12T08:22:00","guid":{"rendered":"https:\/\/sv-koerne83.de\/wordpress\/?p=3530"},"modified":"2024-09-12T13:58:20","modified_gmt":"2024-09-12T11:58:20","slug":"c-und-b-jugend-erreichen-pokal-achtelfinale","status":"publish","type":"post","link":"https:\/\/sv-koerne83.de\/wordpress\/2024\/09\/12\/c-und-b-jugend-erreichen-pokal-achtelfinale\/","title":{"rendered":"C- und B-Jugend erreichen Pokal-Achtelfinale"},"content":{"rendered":"\n<p>Die gestrigen Pokalspiele konnte sowohl die C-Jugend wie auch die B-Jugend f\u00fcr sich entscheiden. Somit ziehen beide Teams in das Kreispokal-Achtelfinale ein.<\/p>\n\n\n\n<p>Die C-Jugend gewann ausw\u00e4rts beim TuS Neuasseln mit 6:3. Trotz Halbzeitr\u00fcckstand und Unterzahl konnte man am Ende das Spiel deutlich f\u00fcr sich entscheiden. Im Achtelfinale reist nun der Bezirksligist Westfalia Huckarde in den Affenk\u00e4fig. Gespielt wird am <strong>24.09.2024<\/strong> um <strong>18.00 Uhr<\/strong>.<\/p>\n\n\n\n<p>Die B-Jugend gewann ihr Pokalspiel im Elfmeterschie\u00dfen. Nach 80 Minuten stand es gegen Hellweg L\u00fctgendortmund 3:3 unentschieden. Die Entscheidung vom Punkt stand an, welche das Team von Trainer Thomas Meier mit 8:7 f\u00fcr sich entscheiden konnte. Im Achtelfinale wartet nun das Westfalenliga-Team vom FC Br\u00fcnninghausen. Gespielt wird am <strong>26.09.2024<\/strong> um <strong>18.30 Uhr<\/strong> im heimischen Affenk\u00e4fig.<\/p>\n","protected":false},"excerpt":{"rendered":"<p>Die gestrigen Pokalspiele konnte sowohl die C-Jugend wie auch die B-Jugend f\u00fcr sich entscheiden. Somit ziehen beide Teams in das Kreispokal-Achtelfinale ein. Die C-Jugend gewann ausw\u00e4rts beim TuS Neuasseln mit [&hellip;]<\/p>\n","protected":false},"author":2,"featured_media":3532,"comment_status":"closed","ping_status":"open","sticky":false,"template":"","format":"standard","meta":{"_jetpack_memberships_contains_paid_content":false,"footnotes":""},"categories":[1],"tags":[],"class_list":["post-3530","post","type-post","status-publish","format-standard","has-post-thumbnail","hentry","category-allgemein"],"jetpack_sharing_enabled":true,"jetpack_featured_media_url":"https:\/\/sv-koerne83.de\/wordpress\/wp-content\/uploads\/2024\/09\/c-jugend-pokal.png","_links":{"self":[{"href":"https:\/\/sv-koerne83.de\/wordpress\/wp-json\/wp\/v2\/posts\/3530","targetHints":{"allow":["GET"]}}],"collection":[{"href":"https:\/\/sv-koerne83.de\/wordpress\/wp-json\/wp\/v2\/posts"}],"about":[{"href":"https:\/\/sv-koerne83.de\/wordpress\/wp-json\/wp\/v2\/types\/post"}],"author":[{"embeddable":true,"href":"https:\/\/sv-koerne83.de\/wordpress\/wp-json\/wp\/v2\/users\/2"}],"replies":[{"embeddable":true,"href":"https:\/\/sv-koerne83.de\/wordpress\/wp-json\/wp\/v2\/comments?post=3530"}],"version-history":[{"count":2,"href":"https:\/\/sv-koerne83.de\/wordpress\/wp-json\/wp\/v2\/posts\/3530\/revisions"}],"predecessor-version":[{"id":3533,"href":"https:\/\/sv-koerne83.de\/wordpress\/wp-json\/wp\/v2\/posts\/3530\/revisions\/3533"}],"wp:featuredmedia":[{"embeddable":true,"href":"https:\/\/sv-koerne83.de\/wordpress\/wp-json\/wp\/v2\/media\/3532"}],"wp:attachment":[{"href":"https:\/\/sv-koerne83.de\/wordpress\/wp-json\/wp\/v2\/media?parent=3530"}],"wp:term":[{"taxonomy":"category","embeddable":true,"href":"https:\/\/sv-koerne83.de\/wordpress\/wp-json\/wp\/v2\/categories?post=3530"},{"taxonomy":"post_tag","embeddable":true,"href":"https:\/\/sv-koerne83.de\/wordpress\/wp-json\/wp\/v2\/tags?post=3530"}],"curies":[{"name":"wp","href":"https:\/\/api.w.org\/{rel}","templated":true}]}}