{"id":3534,"date":"2024-09-17T12:55:55","date_gmt":"2024-09-17T10:55:55","guid":{"rendered":"https:\/\/sv-koerne83.de\/wordpress\/?p=3534"},"modified":"2024-09-17T12:55:56","modified_gmt":"2024-09-17T10:55:56","slug":"pokalspiel-fuer-unsere-1-mannschaft","status":"publish","type":"post","link":"https:\/\/sv-koerne83.de\/wordpress\/2024\/09\/17\/pokalspiel-fuer-unsere-1-mannschaft\/","title":{"rendered":"Pokalspiel f\u00fcr unsere 1. Mannschaft"},"content":{"rendered":"\n<p>Am Donnerstag bestreitet unsere 1. Mannschaft die erste Runde im diesj\u00e4hrigen Demir Kreispokal. Das Team von Trainer Viktor Pusch muss zum B-Ligisten BV L\u00fcnen. Die L\u00fcner sind in der letzten Saison aus der Kreisliga A abgestiegen und f\u00fchren nun ihre Gruppe in der Kreisliga B als ungeschlagener Tabellenf\u00fchrer an. Ansto\u00df auf der Sportanlage &#8222;In der Geist&#8220; ist um 19.00 Uhr.<\/p>\n","protected":false},"excerpt":{"rendered":"<p>Am Donnerstag bestreitet unsere 1. Mannschaft die erste Runde im diesj\u00e4hrigen Demir Kreispokal. Das Team von Trainer Viktor Pusch muss zum B-Ligisten BV L\u00fcnen. Die L\u00fcner sind in der letzten [&hellip;]<\/p>\n","protected":false},"author":2,"featured_media":3535,"comment_status":"closed","ping_status":"open","sticky":false,"template":"","format":"standard","meta":{"_jetpack_memberships_contains_paid_content":false,"footnotes":""},"categories":[30,1],"tags":[],"class_list":["post-3534","post","type-post","status-publish","format-standard","has-post-thumbnail","hentry","category-1-mannschaft","category-allgemein"],"jetpack_sharing_enabled":true,"jetpack_featured_media_url":"https:\/\/sv-koerne83.de\/wordpress\/wp-content\/uploads\/2024\/09\/SVK_Spieltagsankuendigung_2024_2025_Kreispokal-1.png","_links":{"self":[{"href":"https:\/\/sv-koerne83.de\/wordpress\/wp-json\/wp\/v2\/posts\/3534","targetHints":{"allow":["GET"]}}],"collection":[{"href":"https:\/\/sv-koerne83.de\/wordpress\/wp-json\/wp\/v2\/posts"}],"about":[{"href":"https:\/\/sv-koerne83.de\/wordpress\/wp-json\/wp\/v2\/types\/post"}],"author":[{"embeddable":true,"href":"https:\/\/sv-koerne83.de\/wordpress\/wp-json\/wp\/v2\/users\/2"}],"replies":[{"embeddable":true,"href":"https:\/\/sv-koerne83.de\/wordpress\/wp-json\/wp\/v2\/comments?post=3534"}],"version-history":[{"count":1,"href":"https:\/\/sv-koerne83.de\/wordpress\/wp-json\/wp\/v2\/posts\/3534\/revisions"}],"predecessor-version":[{"id":3536,"href":"https:\/\/sv-koerne83.de\/wordpress\/wp-json\/wp\/v2\/posts\/3534\/revisions\/3536"}],"wp:featuredmedia":[{"embeddable":true,"href":"https:\/\/sv-koerne83.de\/wordpress\/wp-json\/wp\/v2\/media\/3535"}],"wp:attachment":[{"href":"https:\/\/sv-koerne83.de\/wordpress\/wp-json\/wp\/v2\/media?parent=3534"}],"wp:term":[{"taxonomy":"category","embeddable":true,"href":"https:\/\/sv-koerne83.de\/wordpress\/wp-json\/wp\/v2\/categories?post=3534"},{"taxonomy":"post_tag","embeddable":true,"href":"https:\/\/sv-koerne83.de\/wordpress\/wp-json\/wp\/v2\/tags?post=3534"}],"curies":[{"name":"wp","href":"https:\/\/api.w.org\/{rel}","templated":true}]}}