{"id":3538,"date":"2024-09-20T08:40:00","date_gmt":"2024-09-20T06:40:00","guid":{"rendered":"https:\/\/sv-koerne83.de\/wordpress\/?p=3538"},"modified":"2024-09-20T08:40:01","modified_gmt":"2024-09-20T06:40:01","slug":"1-mannschaft-empfaengt-husen-kurl-2","status":"publish","type":"post","link":"https:\/\/sv-koerne83.de\/wordpress\/2024\/09\/20\/1-mannschaft-empfaengt-husen-kurl-2\/","title":{"rendered":"1. Mannschaft empf\u00e4ngt Husen Kurl"},"content":{"rendered":"\n<p>Am Sonntag empf\u00e4ngt unsere 1. Mannschaft das Team vom SC Husen Kurl. Die Kurler belegen aktuell mit 8 Punkten den 8. Tabellenplatz. Gerade in den letzten Spielen, zeigte sich Husen mit starken Spielen. Gegen den H\u00f6rder SC gelang ein 3:3 Unentschieden und gegen BW Alstedde konnte das Team aus dem Eichwaldstadion einen 3:2 Heimsieg einfahren. Auch im Pokal setzte man sich mit 5:2 gegen Ph\u00f6nix H\u00f6rde durch. Unsere 1. Mannschaft muss den Schwung vom Pokalsieg gegen den BV L\u00fcnen (1:0) mitnehmen, um in diesem Spiel wichtige drei Punkte einzufahren. Ansto\u00df am Winkelriedweg ist um 15.15 Uhr. Wir sehen uns im Affenk\u00e4fig!<\/p>\n","protected":false},"excerpt":{"rendered":"<p>Am Sonntag empf\u00e4ngt unsere 1. Mannschaft das Team vom SC Husen Kurl. Die Kurler belegen aktuell mit 8 Punkten den 8. Tabellenplatz. Gerade in den letzten Spielen, zeigte sich Husen [&hellip;]<\/p>\n","protected":false},"author":2,"featured_media":3539,"comment_status":"closed","ping_status":"open","sticky":false,"template":"","format":"standard","meta":{"_jetpack_memberships_contains_paid_content":false,"footnotes":""},"categories":[30,1],"tags":[],"class_list":["post-3538","post","type-post","status-publish","format-standard","has-post-thumbnail","hentry","category-1-mannschaft","category-allgemein"],"jetpack_sharing_enabled":true,"jetpack_featured_media_url":"https:\/\/sv-koerne83.de\/wordpress\/wp-content\/uploads\/2024\/09\/SVK_Spieltagsankuendigung_2024_2025_Topspiel.png","_links":{"self":[{"href":"https:\/\/sv-koerne83.de\/wordpress\/wp-json\/wp\/v2\/posts\/3538","targetHints":{"allow":["GET"]}}],"collection":[{"href":"https:\/\/sv-koerne83.de\/wordpress\/wp-json\/wp\/v2\/posts"}],"about":[{"href":"https:\/\/sv-koerne83.de\/wordpress\/wp-json\/wp\/v2\/types\/post"}],"author":[{"embeddable":true,"href":"https:\/\/sv-koerne83.de\/wordpress\/wp-json\/wp\/v2\/users\/2"}],"replies":[{"embeddable":true,"href":"https:\/\/sv-koerne83.de\/wordpress\/wp-json\/wp\/v2\/comments?post=3538"}],"version-history":[{"count":1,"href":"https:\/\/sv-koerne83.de\/wordpress\/wp-json\/wp\/v2\/posts\/3538\/revisions"}],"predecessor-version":[{"id":3540,"href":"https:\/\/sv-koerne83.de\/wordpress\/wp-json\/wp\/v2\/posts\/3538\/revisions\/3540"}],"wp:featuredmedia":[{"embeddable":true,"href":"https:\/\/sv-koerne83.de\/wordpress\/wp-json\/wp\/v2\/media\/3539"}],"wp:attachment":[{"href":"https:\/\/sv-koerne83.de\/wordpress\/wp-json\/wp\/v2\/media?parent=3538"}],"wp:term":[{"taxonomy":"category","embeddable":true,"href":"https:\/\/sv-koerne83.de\/wordpress\/wp-json\/wp\/v2\/categories?post=3538"},{"taxonomy":"post_tag","embeddable":true,"href":"https:\/\/sv-koerne83.de\/wordpress\/wp-json\/wp\/v2\/tags?post=3538"}],"curies":[{"name":"wp","href":"https:\/\/api.w.org\/{rel}","templated":true}]}}