{"id":3541,"date":"2024-09-23T16:02:11","date_gmt":"2024-09-23T14:02:11","guid":{"rendered":"https:\/\/sv-koerne83.de\/wordpress\/?p=3541"},"modified":"2024-09-23T16:02:11","modified_gmt":"2024-09-23T14:02:11","slug":"c-jugend-im-kreispokal-achtelfinale","status":"publish","type":"post","link":"https:\/\/sv-koerne83.de\/wordpress\/2024\/09\/23\/c-jugend-im-kreispokal-achtelfinale\/","title":{"rendered":"C-Jugend im Kreispokal Achtelfinale"},"content":{"rendered":"\n<p>Am morgigen Dienstag trifft unsere C-Jugend im Kreispokal-Achtelfinale auf das Bezirksliga-Team von Westfalia Huckarde. Die Huckarder belegen in der Bezirksliga den 8. Tabellenplatz und haben dort ein Torverh\u00e4ltnis von 7:7. Unsere C-Jugend ist in diesem Spiel zwar der Underdog, allerdings ist mit dem maximalen Einsatz und lautstarker Unterst\u00fctzung alles m\u00f6glich. Ansto\u00df am Winkelriedweg ist um 18.00 Uhr. Wir sehen uns im Affenk\u00e4fig!<\/p>\n","protected":false},"excerpt":{"rendered":"<p>Am morgigen Dienstag trifft unsere C-Jugend im Kreispokal-Achtelfinale auf das Bezirksliga-Team von Westfalia Huckarde. Die Huckarder belegen in der Bezirksliga den 8. Tabellenplatz und haben dort ein Torverh\u00e4ltnis von 7:7. [&hellip;]<\/p>\n","protected":false},"author":2,"featured_media":3542,"comment_status":"closed","ping_status":"open","sticky":false,"template":"","format":"standard","meta":{"_jetpack_memberships_contains_paid_content":false,"footnotes":""},"categories":[1,35],"tags":[],"class_list":["post-3541","post","type-post","status-publish","format-standard","has-post-thumbnail","hentry","category-allgemein","category-jugend"],"jetpack_sharing_enabled":true,"jetpack_featured_media_url":"https:\/\/sv-koerne83.de\/wordpress\/wp-content\/uploads\/2024\/09\/SVK_Spieltagsankuendigung_2024_2025_Pokalspiel.png","_links":{"self":[{"href":"https:\/\/sv-koerne83.de\/wordpress\/wp-json\/wp\/v2\/posts\/3541","targetHints":{"allow":["GET"]}}],"collection":[{"href":"https:\/\/sv-koerne83.de\/wordpress\/wp-json\/wp\/v2\/posts"}],"about":[{"href":"https:\/\/sv-koerne83.de\/wordpress\/wp-json\/wp\/v2\/types\/post"}],"author":[{"embeddable":true,"href":"https:\/\/sv-koerne83.de\/wordpress\/wp-json\/wp\/v2\/users\/2"}],"replies":[{"embeddable":true,"href":"https:\/\/sv-koerne83.de\/wordpress\/wp-json\/wp\/v2\/comments?post=3541"}],"version-history":[{"count":1,"href":"https:\/\/sv-koerne83.de\/wordpress\/wp-json\/wp\/v2\/posts\/3541\/revisions"}],"predecessor-version":[{"id":3543,"href":"https:\/\/sv-koerne83.de\/wordpress\/wp-json\/wp\/v2\/posts\/3541\/revisions\/3543"}],"wp:featuredmedia":[{"embeddable":true,"href":"https:\/\/sv-koerne83.de\/wordpress\/wp-json\/wp\/v2\/media\/3542"}],"wp:attachment":[{"href":"https:\/\/sv-koerne83.de\/wordpress\/wp-json\/wp\/v2\/media?parent=3541"}],"wp:term":[{"taxonomy":"category","embeddable":true,"href":"https:\/\/sv-koerne83.de\/wordpress\/wp-json\/wp\/v2\/categories?post=3541"},{"taxonomy":"post_tag","embeddable":true,"href":"https:\/\/sv-koerne83.de\/wordpress\/wp-json\/wp\/v2\/tags?post=3541"}],"curies":[{"name":"wp","href":"https:\/\/api.w.org\/{rel}","templated":true}]}}