{"id":3544,"date":"2024-09-24T17:42:57","date_gmt":"2024-09-24T15:42:57","guid":{"rendered":"https:\/\/sv-koerne83.de\/wordpress\/?p=3544"},"modified":"2024-09-24T17:42:58","modified_gmt":"2024-09-24T15:42:58","slug":"kracher-im-pokal-achtelfinale","status":"publish","type":"post","link":"https:\/\/sv-koerne83.de\/wordpress\/2024\/09\/24\/kracher-im-pokal-achtelfinale\/","title":{"rendered":"Kracher im Pokal-Achtelfinale"},"content":{"rendered":"\n<p>Am Donnerstag trifft unsere B-Jugend im Kreispokal-Achtelfinale auf den Verbandsligisten FC Br\u00fcnninghausen. Die Br\u00fcnninghausener treffen in der Westfalenliga normalerweise auf Gegner, wie die U16-Mannschaft vom BVB, von Schalke 04 oder vom VfL Bochum. F\u00fcr die Jungs aus unserer B-Jugend eine tolle Herausforderung, gegen eine so starke Mannschaft spielen zu d\u00fcrfen. Das Team von Trainer Thomas Meier freut sich \u00fcber eine gro\u00dfe Fanunterst\u00fctzung. Ansto\u00df am Winkelriedweg ist um 18.30 Uhr. Wir sehen uns im Affenk\u00e4fig!<\/p>\n","protected":false},"excerpt":{"rendered":"<p>Am Donnerstag trifft unsere B-Jugend im Kreispokal-Achtelfinale auf den Verbandsligisten FC Br\u00fcnninghausen. Die Br\u00fcnninghausener treffen in der Westfalenliga normalerweise auf Gegner, wie die U16-Mannschaft vom BVB, von Schalke 04 oder [&hellip;]<\/p>\n","protected":false},"author":2,"featured_media":3545,"comment_status":"closed","ping_status":"open","sticky":false,"template":"","format":"standard","meta":{"_jetpack_memberships_contains_paid_content":false,"footnotes":""},"categories":[1,35],"tags":[],"class_list":["post-3544","post","type-post","status-publish","format-standard","has-post-thumbnail","hentry","category-allgemein","category-jugend"],"jetpack_sharing_enabled":true,"jetpack_featured_media_url":"https:\/\/sv-koerne83.de\/wordpress\/wp-content\/uploads\/2024\/09\/SVK_Spieltagsankuendigung_2024_2025_Pokalspiel2.png","_links":{"self":[{"href":"https:\/\/sv-koerne83.de\/wordpress\/wp-json\/wp\/v2\/posts\/3544","targetHints":{"allow":["GET"]}}],"collection":[{"href":"https:\/\/sv-koerne83.de\/wordpress\/wp-json\/wp\/v2\/posts"}],"about":[{"href":"https:\/\/sv-koerne83.de\/wordpress\/wp-json\/wp\/v2\/types\/post"}],"author":[{"embeddable":true,"href":"https:\/\/sv-koerne83.de\/wordpress\/wp-json\/wp\/v2\/users\/2"}],"replies":[{"embeddable":true,"href":"https:\/\/sv-koerne83.de\/wordpress\/wp-json\/wp\/v2\/comments?post=3544"}],"version-history":[{"count":1,"href":"https:\/\/sv-koerne83.de\/wordpress\/wp-json\/wp\/v2\/posts\/3544\/revisions"}],"predecessor-version":[{"id":3546,"href":"https:\/\/sv-koerne83.de\/wordpress\/wp-json\/wp\/v2\/posts\/3544\/revisions\/3546"}],"wp:featuredmedia":[{"embeddable":true,"href":"https:\/\/sv-koerne83.de\/wordpress\/wp-json\/wp\/v2\/media\/3545"}],"wp:attachment":[{"href":"https:\/\/sv-koerne83.de\/wordpress\/wp-json\/wp\/v2\/media?parent=3544"}],"wp:term":[{"taxonomy":"category","embeddable":true,"href":"https:\/\/sv-koerne83.de\/wordpress\/wp-json\/wp\/v2\/categories?post=3544"},{"taxonomy":"post_tag","embeddable":true,"href":"https:\/\/sv-koerne83.de\/wordpress\/wp-json\/wp\/v2\/tags?post=3544"}],"curies":[{"name":"wp","href":"https:\/\/api.w.org\/{rel}","templated":true}]}}