{"id":3553,"date":"2024-10-02T08:33:56","date_gmt":"2024-10-02T06:33:56","guid":{"rendered":"https:\/\/sv-koerne83.de\/wordpress\/?p=3553"},"modified":"2024-10-02T08:33:56","modified_gmt":"2024-10-02T06:33:56","slug":"englische-woche-fuer-die-jugendmannschaften","status":"publish","type":"post","link":"https:\/\/sv-koerne83.de\/wordpress\/2024\/10\/02\/englische-woche-fuer-die-jugendmannschaften\/","title":{"rendered":"Englische Woche f\u00fcr die Jugendmannschaften"},"content":{"rendered":"\n<p>Am morgigen Donnerstag finden auf unserer Sportanlage jede Menge Jugendspiele statt. Der Kreis Dortmund hat f\u00fcr den Tag der Deutschen Einheit einen Spieltag angesetzt. Gleich sechs Heimspiele k\u00f6nnt ihr bei uns am Winkelriedweg anschauen. Die ersten beiden Spiele starten um 12.00 Uhr (E3 und E4). Danach k\u00f6nnt ihr die Spiele der D3-, D1- und B-Jugend schauen. Unsere A-Jugend beendet den Spieltag mit ihrem Spiel um 18.30 Uhr gegen den Kirchh\u00f6rder SC.<\/p>\n\n\n\n<p>Neben den Heimspielen sind einige Mannschaften von uns auch auf Ausw\u00e4rtspl\u00e4tzen unterwegs. Unsere Minikicker beginnen um 9.30 Uhr bei Westfalia Kirchlinde. Au\u00dferdem k\u00f6nnt ihr euch unsere F-Jugend bei den Dortmunder Kickers, E1 beim ASC 09, E2 bei den Dortmunder L\u00f6wen, C1 bei BSV Fortuna und D2 beim TuS Kruckel anschauen.<\/p>\n\n\n\n<p>Wir w\u00fcnschen allen Mannschaften viel Erfolg!<\/p>\n","protected":false},"excerpt":{"rendered":"<p>Am morgigen Donnerstag finden auf unserer Sportanlage jede Menge Jugendspiele statt. Der Kreis Dortmund hat f\u00fcr den Tag der Deutschen Einheit einen Spieltag angesetzt. Gleich sechs Heimspiele k\u00f6nnt ihr bei [&hellip;]<\/p>\n","protected":false},"author":2,"featured_media":3554,"comment_status":"closed","ping_status":"open","sticky":false,"template":"","format":"standard","meta":{"_jetpack_memberships_contains_paid_content":false,"footnotes":""},"categories":[1,35],"tags":[],"class_list":["post-3553","post","type-post","status-publish","format-standard","has-post-thumbnail","hentry","category-allgemein","category-jugend"],"jetpack_sharing_enabled":true,"jetpack_featured_media_url":"https:\/\/sv-koerne83.de\/wordpress\/wp-content\/uploads\/2024\/10\/SVK_Spieltagsankuendigung_2024_2025_englischeWoche.png","_links":{"self":[{"href":"https:\/\/sv-koerne83.de\/wordpress\/wp-json\/wp\/v2\/posts\/3553","targetHints":{"allow":["GET"]}}],"collection":[{"href":"https:\/\/sv-koerne83.de\/wordpress\/wp-json\/wp\/v2\/posts"}],"about":[{"href":"https:\/\/sv-koerne83.de\/wordpress\/wp-json\/wp\/v2\/types\/post"}],"author":[{"embeddable":true,"href":"https:\/\/sv-koerne83.de\/wordpress\/wp-json\/wp\/v2\/users\/2"}],"replies":[{"embeddable":true,"href":"https:\/\/sv-koerne83.de\/wordpress\/wp-json\/wp\/v2\/comments?post=3553"}],"version-history":[{"count":1,"href":"https:\/\/sv-koerne83.de\/wordpress\/wp-json\/wp\/v2\/posts\/3553\/revisions"}],"predecessor-version":[{"id":3555,"href":"https:\/\/sv-koerne83.de\/wordpress\/wp-json\/wp\/v2\/posts\/3553\/revisions\/3555"}],"wp:featuredmedia":[{"embeddable":true,"href":"https:\/\/sv-koerne83.de\/wordpress\/wp-json\/wp\/v2\/media\/3554"}],"wp:attachment":[{"href":"https:\/\/sv-koerne83.de\/wordpress\/wp-json\/wp\/v2\/media?parent=3553"}],"wp:term":[{"taxonomy":"category","embeddable":true,"href":"https:\/\/sv-koerne83.de\/wordpress\/wp-json\/wp\/v2\/categories?post=3553"},{"taxonomy":"post_tag","embeddable":true,"href":"https:\/\/sv-koerne83.de\/wordpress\/wp-json\/wp\/v2\/tags?post=3553"}],"curies":[{"name":"wp","href":"https:\/\/api.w.org\/{rel}","templated":true}]}}