{"id":3577,"date":"2024-11-05T08:34:29","date_gmt":"2024-11-05T07:34:29","guid":{"rendered":"https:\/\/sv-koerne83.de\/wordpress\/?p=3577"},"modified":"2024-11-05T08:34:30","modified_gmt":"2024-11-05T07:34:30","slug":"pokalspiel-gegen-den-bezirksliga-spitzenreiter","status":"publish","type":"post","link":"https:\/\/sv-koerne83.de\/wordpress\/2024\/11\/05\/pokalspiel-gegen-den-bezirksliga-spitzenreiter\/","title":{"rendered":"Pokalspiel gegen den Bezirksliga-Spitzenreiter"},"content":{"rendered":"\n<p>Am Donnerstag trifft unsere 1. Mannschaft in der 2. Runde des diesj\u00e4hrigen Kreispokal auf den TuS Eichlinghofen. Das Team aus dem Dortmunder S\u00fcden ist aktueller Tabellenf\u00fchrer in der Bezirksliga. Hier f\u00fchren sie die Tabelle mit 34 Punkten aus 13 Spielen an. Unsere 1. Mannschaft konnte sich mit einem 1:0 Ausw\u00e4rtserfolg gegen BV L\u00fcnen f\u00fcr die zweite Pokalrunde qualifizieren. Ansto\u00df ist am Donnerstagabend um 19.30 Uhr. Wir sehen uns im Affenk\u00e4fig!<\/p>\n","protected":false},"excerpt":{"rendered":"<p>Am Donnerstag trifft unsere 1. Mannschaft in der 2. Runde des diesj\u00e4hrigen Kreispokal auf den TuS Eichlinghofen. Das Team aus dem Dortmunder S\u00fcden ist aktueller Tabellenf\u00fchrer in der Bezirksliga. Hier [&hellip;]<\/p>\n","protected":false},"author":2,"featured_media":3578,"comment_status":"closed","ping_status":"open","sticky":false,"template":"","format":"standard","meta":{"_jetpack_memberships_contains_paid_content":false,"footnotes":""},"categories":[30,1],"tags":[],"class_list":["post-3577","post","type-post","status-publish","format-standard","has-post-thumbnail","hentry","category-1-mannschaft","category-allgemein"],"jetpack_sharing_enabled":true,"jetpack_featured_media_url":"https:\/\/sv-koerne83.de\/wordpress\/wp-content\/uploads\/2024\/11\/SVK_Spieltagsankuendigung_2024_2025_Kreispokal-scaled.jpg","_links":{"self":[{"href":"https:\/\/sv-koerne83.de\/wordpress\/wp-json\/wp\/v2\/posts\/3577","targetHints":{"allow":["GET"]}}],"collection":[{"href":"https:\/\/sv-koerne83.de\/wordpress\/wp-json\/wp\/v2\/posts"}],"about":[{"href":"https:\/\/sv-koerne83.de\/wordpress\/wp-json\/wp\/v2\/types\/post"}],"author":[{"embeddable":true,"href":"https:\/\/sv-koerne83.de\/wordpress\/wp-json\/wp\/v2\/users\/2"}],"replies":[{"embeddable":true,"href":"https:\/\/sv-koerne83.de\/wordpress\/wp-json\/wp\/v2\/comments?post=3577"}],"version-history":[{"count":1,"href":"https:\/\/sv-koerne83.de\/wordpress\/wp-json\/wp\/v2\/posts\/3577\/revisions"}],"predecessor-version":[{"id":3579,"href":"https:\/\/sv-koerne83.de\/wordpress\/wp-json\/wp\/v2\/posts\/3577\/revisions\/3579"}],"wp:featuredmedia":[{"embeddable":true,"href":"https:\/\/sv-koerne83.de\/wordpress\/wp-json\/wp\/v2\/media\/3578"}],"wp:attachment":[{"href":"https:\/\/sv-koerne83.de\/wordpress\/wp-json\/wp\/v2\/media?parent=3577"}],"wp:term":[{"taxonomy":"category","embeddable":true,"href":"https:\/\/sv-koerne83.de\/wordpress\/wp-json\/wp\/v2\/categories?post=3577"},{"taxonomy":"post_tag","embeddable":true,"href":"https:\/\/sv-koerne83.de\/wordpress\/wp-json\/wp\/v2\/tags?post=3577"}],"curies":[{"name":"wp","href":"https:\/\/api.w.org\/{rel}","templated":true}]}}