{"id":3583,"date":"2024-11-08T14:10:58","date_gmt":"2024-11-08T13:10:58","guid":{"rendered":"https:\/\/sv-koerne83.de\/wordpress\/?p=3583"},"modified":"2024-11-08T14:10:58","modified_gmt":"2024-11-08T13:10:58","slug":"wichtiges-spiel-gegen-eving-selimiye-spor","status":"publish","type":"post","link":"https:\/\/sv-koerne83.de\/wordpress\/2024\/11\/08\/wichtiges-spiel-gegen-eving-selimiye-spor\/","title":{"rendered":"Wichtiges Spiel gegen Eving Selimiye Spor"},"content":{"rendered":"\n<p>Am Sonntag reist unsere 1. Mannschaft zur Zweitvertretung von Eving Selimiye Spor. Die Evinger belegen in der Tabelle den 15. Platz und haben 3 Punkte weniger auf ihrem Konto als unsere 1. Mannschaft. Das Team von Trainer Viktor Pusch ben\u00f6tigt dringend einen Sieg, um die Evinger auf Distanz zu halten. Ansto\u00df auf dem Sportplatz Gr\u00e4vingholz ist um 12.30 Uhr.<\/p>\n","protected":false},"excerpt":{"rendered":"<p>Am Sonntag reist unsere 1. Mannschaft zur Zweitvertretung von Eving Selimiye Spor. Die Evinger belegen in der Tabelle den 15. Platz und haben 3 Punkte weniger auf ihrem Konto als [&hellip;]<\/p>\n","protected":false},"author":2,"featured_media":3586,"comment_status":"closed","ping_status":"open","sticky":false,"template":"","format":"standard","meta":{"_jetpack_memberships_contains_paid_content":false,"footnotes":""},"categories":[30,1],"tags":[],"class_list":["post-3583","post","type-post","status-publish","format-standard","has-post-thumbnail","hentry","category-1-mannschaft","category-allgemein"],"jetpack_sharing_enabled":true,"jetpack_featured_media_url":"https:\/\/sv-koerne83.de\/wordpress\/wp-content\/uploads\/2024\/11\/SVK_Spieltagsankuendigung_2024_2025_Herren-scaled.jpg","_links":{"self":[{"href":"https:\/\/sv-koerne83.de\/wordpress\/wp-json\/wp\/v2\/posts\/3583","targetHints":{"allow":["GET"]}}],"collection":[{"href":"https:\/\/sv-koerne83.de\/wordpress\/wp-json\/wp\/v2\/posts"}],"about":[{"href":"https:\/\/sv-koerne83.de\/wordpress\/wp-json\/wp\/v2\/types\/post"}],"author":[{"embeddable":true,"href":"https:\/\/sv-koerne83.de\/wordpress\/wp-json\/wp\/v2\/users\/2"}],"replies":[{"embeddable":true,"href":"https:\/\/sv-koerne83.de\/wordpress\/wp-json\/wp\/v2\/comments?post=3583"}],"version-history":[{"count":1,"href":"https:\/\/sv-koerne83.de\/wordpress\/wp-json\/wp\/v2\/posts\/3583\/revisions"}],"predecessor-version":[{"id":3585,"href":"https:\/\/sv-koerne83.de\/wordpress\/wp-json\/wp\/v2\/posts\/3583\/revisions\/3585"}],"wp:featuredmedia":[{"embeddable":true,"href":"https:\/\/sv-koerne83.de\/wordpress\/wp-json\/wp\/v2\/media\/3586"}],"wp:attachment":[{"href":"https:\/\/sv-koerne83.de\/wordpress\/wp-json\/wp\/v2\/media?parent=3583"}],"wp:term":[{"taxonomy":"category","embeddable":true,"href":"https:\/\/sv-koerne83.de\/wordpress\/wp-json\/wp\/v2\/categories?post=3583"},{"taxonomy":"post_tag","embeddable":true,"href":"https:\/\/sv-koerne83.de\/wordpress\/wp-json\/wp\/v2\/tags?post=3583"}],"curies":[{"name":"wp","href":"https:\/\/api.w.org\/{rel}","templated":true}]}}