{"id":3596,"date":"2024-12-09T09:13:06","date_gmt":"2024-12-09T08:13:06","guid":{"rendered":"https:\/\/sv-koerne83.de\/wordpress\/?p=3596"},"modified":"2024-12-09T09:13:06","modified_gmt":"2024-12-09T08:13:06","slug":"kronkorken-fuer-den-guten-zweck","status":"publish","type":"post","link":"https:\/\/sv-koerne83.de\/wordpress\/2024\/12\/09\/kronkorken-fuer-den-guten-zweck\/","title":{"rendered":"Kronkorken f\u00fcr den guten Zweck"},"content":{"rendered":"\n<p>Die Rekordsammler*innen haben es wieder geschafft! Mit mehr als 90 Tonnen gesammelter KRONKORKEN, konnten die Rekordsammler*innen eine Spendensumme von 19.300 Euro f\u00fcr den Ambulanten Kinder- und Jugendhospizdienst im Kreis Unna generieren. Auch wir haben im Vereinsheim regelm\u00e4\u00dfig unsere Kronkorken gesammelt und diese gespendet. Ihr seid also alle an der Spendensumme mitbeteiligt, was uns freut und gl\u00fccklich macht, dass wir gemeinschaftlich unterst\u00fctzen konnten.<\/p>\n","protected":false},"excerpt":{"rendered":"<p>Die Rekordsammler*innen haben es wieder geschafft! Mit mehr als 90 Tonnen gesammelter KRONKORKEN, konnten die Rekordsammler*innen eine Spendensumme von 19.300 Euro f\u00fcr den Ambulanten Kinder- und Jugendhospizdienst im Kreis Unna [&hellip;]<\/p>\n","protected":false},"author":2,"featured_media":3597,"comment_status":"closed","ping_status":"open","sticky":false,"template":"","format":"standard","meta":{"_jetpack_memberships_contains_paid_content":false,"footnotes":""},"categories":[1],"tags":[],"class_list":["post-3596","post","type-post","status-publish","format-standard","has-post-thumbnail","hentry","category-allgemein"],"jetpack_sharing_enabled":true,"jetpack_featured_media_url":"https:\/\/sv-koerne83.de\/wordpress\/wp-content\/uploads\/2024\/12\/crown-seals-298232_1280.jpg","_links":{"self":[{"href":"https:\/\/sv-koerne83.de\/wordpress\/wp-json\/wp\/v2\/posts\/3596","targetHints":{"allow":["GET"]}}],"collection":[{"href":"https:\/\/sv-koerne83.de\/wordpress\/wp-json\/wp\/v2\/posts"}],"about":[{"href":"https:\/\/sv-koerne83.de\/wordpress\/wp-json\/wp\/v2\/types\/post"}],"author":[{"embeddable":true,"href":"https:\/\/sv-koerne83.de\/wordpress\/wp-json\/wp\/v2\/users\/2"}],"replies":[{"embeddable":true,"href":"https:\/\/sv-koerne83.de\/wordpress\/wp-json\/wp\/v2\/comments?post=3596"}],"version-history":[{"count":1,"href":"https:\/\/sv-koerne83.de\/wordpress\/wp-json\/wp\/v2\/posts\/3596\/revisions"}],"predecessor-version":[{"id":3598,"href":"https:\/\/sv-koerne83.de\/wordpress\/wp-json\/wp\/v2\/posts\/3596\/revisions\/3598"}],"wp:featuredmedia":[{"embeddable":true,"href":"https:\/\/sv-koerne83.de\/wordpress\/wp-json\/wp\/v2\/media\/3597"}],"wp:attachment":[{"href":"https:\/\/sv-koerne83.de\/wordpress\/wp-json\/wp\/v2\/media?parent=3596"}],"wp:term":[{"taxonomy":"category","embeddable":true,"href":"https:\/\/sv-koerne83.de\/wordpress\/wp-json\/wp\/v2\/categories?post=3596"},{"taxonomy":"post_tag","embeddable":true,"href":"https:\/\/sv-koerne83.de\/wordpress\/wp-json\/wp\/v2\/tags?post=3596"}],"curies":[{"name":"wp","href":"https:\/\/api.w.org\/{rel}","templated":true}]}}