{"id":3601,"date":"2024-12-10T14:55:32","date_gmt":"2024-12-10T13:55:32","guid":{"rendered":"https:\/\/sv-koerne83.de\/wordpress\/?p=3601"},"modified":"2024-12-10T15:06:37","modified_gmt":"2024-12-10T14:06:37","slug":"schiedsrichtervereinigung-sammelt-fuers-vereinsheim","status":"publish","type":"post","link":"https:\/\/sv-koerne83.de\/wordpress\/2024\/12\/10\/schiedsrichtervereinigung-sammelt-fuers-vereinsheim\/","title":{"rendered":"Schiedsrichtervereinigung sammelt f\u00fcr&#8217;s Vereinsheim"},"content":{"rendered":"\n<p>Die Schiedsrichtervereinigung Dortmund hat auf ihren beiden Schulungsterminen am letzten Freitag, wie auch am gestrigen Montag, f\u00fcr die Brandsch\u00e4denbeseitigung bei uns am Vereinsheim gesammelt. J\u00f6rg Franke initiierte die Sammelaktion. Der Spendenbetrag von 562,60 Euro wurde bei der gestrigen Schiedsrichterschulung zur Hallenstadtmeisterschaft \u00fcberreicht. <br><br>Wir sagen recht herzlichen Dank an die Dortmunder Schiedsrichter f\u00fcr die Unterst\u00fctzung. Wir freuen uns schon, euch wieder bei uns am Platz und in unserem Vereinsheim zu weiteren Schulungen begr\u00fc\u00dfen zu d\u00fcrfen. <br><br>Unsere Vereinsschiedsrichter haben zus\u00e4tzlich von ihrem Jahresbudget 250 Euro an den Verein gespendet. Auch hier bedanken wir uns recht herzlich f\u00fcr eure Unterst\u00fctzung.<\/p>\n","protected":false},"excerpt":{"rendered":"<p>Die Schiedsrichtervereinigung Dortmund hat auf ihren beiden Schulungsterminen am letzten Freitag, wie auch am gestrigen Montag, f\u00fcr die Brandsch\u00e4denbeseitigung bei uns am Vereinsheim gesammelt. J\u00f6rg Franke initiierte die Sammelaktion. Der [&hellip;]<\/p>\n","protected":false},"author":2,"featured_media":3602,"comment_status":"closed","ping_status":"open","sticky":false,"template":"","format":"standard","meta":{"_jetpack_memberships_contains_paid_content":false,"footnotes":""},"categories":[1],"tags":[],"class_list":["post-3601","post","type-post","status-publish","format-standard","has-post-thumbnail","hentry","category-allgemein"],"jetpack_sharing_enabled":true,"jetpack_featured_media_url":"https:\/\/sv-koerne83.de\/wordpress\/wp-content\/uploads\/2024\/12\/Schiedsrichter-Dortmund-SV-Koerne.jpeg","_links":{"self":[{"href":"https:\/\/sv-koerne83.de\/wordpress\/wp-json\/wp\/v2\/posts\/3601","targetHints":{"allow":["GET"]}}],"collection":[{"href":"https:\/\/sv-koerne83.de\/wordpress\/wp-json\/wp\/v2\/posts"}],"about":[{"href":"https:\/\/sv-koerne83.de\/wordpress\/wp-json\/wp\/v2\/types\/post"}],"author":[{"embeddable":true,"href":"https:\/\/sv-koerne83.de\/wordpress\/wp-json\/wp\/v2\/users\/2"}],"replies":[{"embeddable":true,"href":"https:\/\/sv-koerne83.de\/wordpress\/wp-json\/wp\/v2\/comments?post=3601"}],"version-history":[{"count":2,"href":"https:\/\/sv-koerne83.de\/wordpress\/wp-json\/wp\/v2\/posts\/3601\/revisions"}],"predecessor-version":[{"id":3604,"href":"https:\/\/sv-koerne83.de\/wordpress\/wp-json\/wp\/v2\/posts\/3601\/revisions\/3604"}],"wp:featuredmedia":[{"embeddable":true,"href":"https:\/\/sv-koerne83.de\/wordpress\/wp-json\/wp\/v2\/media\/3602"}],"wp:attachment":[{"href":"https:\/\/sv-koerne83.de\/wordpress\/wp-json\/wp\/v2\/media?parent=3601"}],"wp:term":[{"taxonomy":"category","embeddable":true,"href":"https:\/\/sv-koerne83.de\/wordpress\/wp-json\/wp\/v2\/categories?post=3601"},{"taxonomy":"post_tag","embeddable":true,"href":"https:\/\/sv-koerne83.de\/wordpress\/wp-json\/wp\/v2\/tags?post=3601"}],"curies":[{"name":"wp","href":"https:\/\/api.w.org\/{rel}","templated":true}]}}