{"id":3619,"date":"2025-01-13T09:50:48","date_gmt":"2025-01-13T08:50:48","guid":{"rendered":"https:\/\/sv-koerne83.de\/wordpress\/?p=3619"},"modified":"2025-01-13T09:54:41","modified_gmt":"2025-01-13T08:54:41","slug":"jahresauftakt-im-hotel-koerner-hof","status":"publish","type":"post","link":"https:\/\/sv-koerne83.de\/wordpress\/2025\/01\/13\/jahresauftakt-im-hotel-koerner-hof\/","title":{"rendered":"Jahresauftakt im Hotel K\u00f6rner Hof"},"content":{"rendered":"\n<p>Am gestrigen Sonntag fand im Akzenthotel K\u00f6rner Hof der Familie Westermeyer unser diesj\u00e4hriger Jahresempfang statt. Um 10.00 Uhr morgens trafen sich ca. 40 Trainer, Betreuer und ehrenamtliche Helfer zum gemeinsamen Fr\u00fchst\u00fcck. Der Vorstand nutzte die Gelegenheit das vergangene Jahr Revue passieren zu lassen und lobte das gro\u00dfartige Engagement von dem gesamten Team. Wie in jedem Jahr durften nat\u00fcrlich auch gewisse Ehrungen nicht fehlen. Mit seinem Aufstieg in die Sonderklasse wurde Andreas Lorenz f\u00fcr seine erfolgreiche Vereinsmitgliedschaft geehrt. Unser Jugendleiter Daniel Uffelmann wurde ebenfalls f\u00fcr sein au\u00dferordentliches ehrenamtliches Engagement und dem Aufbau unserer starken Jugendabteilung geehrt.<\/p>\n\n\n\n<p>Wir freuen uns schon auf das Jahr 2025 und blicken mit unserem jungen Team zuversichtlich auf die bevorstehenden Aufgaben in diesem Jahr.<\/p>\n\n\n\n<div class=\"wp-block-jetpack-tiled-gallery aligncenter is-style-square has-rounded-corners-10\"><div class=\"tiled-gallery__gallery\"><div class=\"tiled-gallery__row columns-1\"><div class=\"tiled-gallery__col\"><figure class=\"tiled-gallery__item\"><img decoding=\"async\" srcset=\"https:\/\/i0.wp.com\/sv-koerne83.de\/wordpress\/wp-content\/uploads\/2025\/01\/IMG_5710.jpeg?resize=600%2C600&#038;strip=info&#038;ssl=1 600w,https:\/\/i0.wp.com\/sv-koerne83.de\/wordpress\/wp-content\/uploads\/2025\/01\/IMG_5710.jpeg?resize=900%2C900&#038;strip=info&#038;ssl=1 900w,https:\/\/i0.wp.com\/sv-koerne83.de\/wordpress\/wp-content\/uploads\/2025\/01\/IMG_5710.jpeg?resize=1200%2C1200&#038;strip=info&#038;ssl=1 1200w,https:\/\/i0.wp.com\/sv-koerne83.de\/wordpress\/wp-content\/uploads\/2025\/01\/IMG_5710.jpeg?resize=1500%2C1500&#038;strip=info&#038;ssl=1 1500w,https:\/\/i0.wp.com\/sv-koerne83.de\/wordpress\/wp-content\/uploads\/2025\/01\/IMG_5710.jpeg?resize=1536%2C1536&#038;strip=info&#038;ssl=1 1536w\" alt=\"\" data-height=\"1536\" data-id=\"3616\" data-link=\"https:\/\/sv-koerne83.de\/wordpress\/img_5710\/\" data-url=\"https:\/\/sv-koerne83.de\/wordpress\/wp-content\/uploads\/2025\/01\/IMG_5710.jpeg\" data-width=\"2048\" src=\"https:\/\/i0.wp.com\/sv-koerne83.de\/wordpress\/wp-content\/uploads\/2025\/01\/IMG_5710.jpeg?ssl=1&amp;resize=1536%2C1536\" layout=\"responsive\"\/><\/figure><\/div><\/div><div class=\"tiled-gallery__row columns-3\"><div class=\"tiled-gallery__col\"><figure class=\"tiled-gallery__item\"><img decoding=\"async\" srcset=\"https:\/\/i0.wp.com\/sv-koerne83.de\/wordpress\/wp-content\/uploads\/2025\/01\/d0667eab-a2e3-4a37-864f-c1f52ec430df.jpg?resize=600%2C600&#038;strip=info&#038;ssl=1 600w,https:\/\/i0.wp.com\/sv-koerne83.de\/wordpress\/wp-content\/uploads\/2025\/01\/d0667eab-a2e3-4a37-864f-c1f52ec430df.jpg?resize=900%2C900&#038;strip=info&#038;ssl=1 900w,https:\/\/i0.wp.com\/sv-koerne83.de\/wordpress\/wp-content\/uploads\/2025\/01\/d0667eab-a2e3-4a37-864f-c1f52ec430df.jpg?resize=1200%2C1200&#038;strip=info&#038;ssl=1 1200w,https:\/\/i0.wp.com\/sv-koerne83.de\/wordpress\/wp-content\/uploads\/2025\/01\/d0667eab-a2e3-4a37-864f-c1f52ec430df.jpg?resize=1500%2C1500&#038;strip=info&#038;ssl=1 1500w,https:\/\/i0.wp.com\/sv-koerne83.de\/wordpress\/wp-content\/uploads\/2025\/01\/d0667eab-a2e3-4a37-864f-c1f52ec430df.jpg?resize=1530%2C1530&#038;strip=info&#038;ssl=1 1530w\" alt=\"\" data-height=\"2040\" data-id=\"3615\" data-link=\"https:\/\/sv-koerne83.de\/wordpress\/d0667eab-a2e3-4a37-864f-c1f52ec430df\/\" data-url=\"https:\/\/sv-koerne83.de\/wordpress\/wp-content\/uploads\/2025\/01\/d0667eab-a2e3-4a37-864f-c1f52ec430df.jpg\" data-width=\"1530\" src=\"https:\/\/i0.wp.com\/sv-koerne83.de\/wordpress\/wp-content\/uploads\/2025\/01\/d0667eab-a2e3-4a37-864f-c1f52ec430df.jpg?ssl=1&amp;resize=1530%2C1530\" layout=\"responsive\"\/><\/figure><\/div><div class=\"tiled-gallery__col\"><figure class=\"tiled-gallery__item\"><img decoding=\"async\" srcset=\"https:\/\/i0.wp.com\/sv-koerne83.de\/wordpress\/wp-content\/uploads\/2025\/01\/6cffca41-6e91-41c3-9bd1-292780279ee6.jpg?resize=600%2C600&#038;strip=info&#038;ssl=1 600w,https:\/\/i0.wp.com\/sv-koerne83.de\/wordpress\/wp-content\/uploads\/2025\/01\/6cffca41-6e91-41c3-9bd1-292780279ee6.jpg?resize=900%2C900&#038;strip=info&#038;ssl=1 900w,https:\/\/i0.wp.com\/sv-koerne83.de\/wordpress\/wp-content\/uploads\/2025\/01\/6cffca41-6e91-41c3-9bd1-292780279ee6.jpg?resize=1200%2C1200&#038;strip=info&#038;ssl=1 1200w,https:\/\/i0.wp.com\/sv-koerne83.de\/wordpress\/wp-content\/uploads\/2025\/01\/6cffca41-6e91-41c3-9bd1-292780279ee6.jpg?resize=1500%2C1500&#038;strip=info&#038;ssl=1 1500w,https:\/\/i0.wp.com\/sv-koerne83.de\/wordpress\/wp-content\/uploads\/2025\/01\/6cffca41-6e91-41c3-9bd1-292780279ee6.jpg?resize=1530%2C1530&#038;strip=info&#038;ssl=1 1530w\" alt=\"\" data-height=\"2040\" data-id=\"3614\" data-link=\"https:\/\/sv-koerne83.de\/wordpress\/6cffca41-6e91-41c3-9bd1-292780279ee6\/\" data-url=\"https:\/\/sv-koerne83.de\/wordpress\/wp-content\/uploads\/2025\/01\/6cffca41-6e91-41c3-9bd1-292780279ee6.jpg\" data-width=\"1530\" src=\"https:\/\/i0.wp.com\/sv-koerne83.de\/wordpress\/wp-content\/uploads\/2025\/01\/6cffca41-6e91-41c3-9bd1-292780279ee6.jpg?ssl=1&amp;resize=1530%2C1530\" layout=\"responsive\"\/><\/figure><\/div><div class=\"tiled-gallery__col\"><figure class=\"tiled-gallery__item\"><img decoding=\"async\" srcset=\"https:\/\/i0.wp.com\/sv-koerne83.de\/wordpress\/wp-content\/uploads\/2025\/01\/IMG_5723.jpeg?resize=600%2C600&#038;strip=info&#038;ssl=1 600w,https:\/\/i0.wp.com\/sv-koerne83.de\/wordpress\/wp-content\/uploads\/2025\/01\/IMG_5723.jpeg?resize=900%2C900&#038;strip=info&#038;ssl=1 900w,https:\/\/i0.wp.com\/sv-koerne83.de\/wordpress\/wp-content\/uploads\/2025\/01\/IMG_5723.jpeg?resize=1200%2C1200&#038;strip=info&#038;ssl=1 1200w,https:\/\/i0.wp.com\/sv-koerne83.de\/wordpress\/wp-content\/uploads\/2025\/01\/IMG_5723.jpeg?resize=1500%2C1500&#038;strip=info&#038;ssl=1 1500w,https:\/\/i0.wp.com\/sv-koerne83.de\/wordpress\/wp-content\/uploads\/2025\/01\/IMG_5723.jpeg?resize=1536%2C1536&#038;strip=info&#038;ssl=1 1536w\" alt=\"\" data-height=\"2048\" data-id=\"3617\" data-link=\"https:\/\/sv-koerne83.de\/wordpress\/img_5723\/\" data-url=\"https:\/\/sv-koerne83.de\/wordpress\/wp-content\/uploads\/2025\/01\/IMG_5723.jpeg\" data-width=\"1536\" src=\"https:\/\/i0.wp.com\/sv-koerne83.de\/wordpress\/wp-content\/uploads\/2025\/01\/IMG_5723.jpeg?ssl=1&amp;resize=1536%2C1536\" layout=\"responsive\"\/><\/figure><\/div><\/div><\/div><\/div>\n","protected":false},"excerpt":{"rendered":"<p>Am gestrigen Sonntag fand im Akzenthotel K\u00f6rner Hof der Familie Westermeyer unser diesj\u00e4hriger Jahresempfang statt. Um 10.00 Uhr morgens trafen sich ca. 40 Trainer, Betreuer und ehrenamtliche Helfer zum gemeinsamen [&hellip;]<\/p>\n","protected":false},"author":2,"featured_media":3618,"comment_status":"closed","ping_status":"open","sticky":false,"template":"","format":"standard","meta":{"_jetpack_memberships_contains_paid_content":false,"footnotes":""},"categories":[1],"tags":[],"class_list":["post-3619","post","type-post","status-publish","format-standard","has-post-thumbnail","hentry","category-allgemein"],"jetpack_sharing_enabled":true,"jetpack_featured_media_url":"https:\/\/sv-koerne83.de\/wordpress\/wp-content\/uploads\/2025\/01\/SVK_2024_2025_Jahresauftakt-scaled.jpg","_links":{"self":[{"href":"https:\/\/sv-koerne83.de\/wordpress\/wp-json\/wp\/v2\/posts\/3619","targetHints":{"allow":["GET"]}}],"collection":[{"href":"https:\/\/sv-koerne83.de\/wordpress\/wp-json\/wp\/v2\/posts"}],"about":[{"href":"https:\/\/sv-koerne83.de\/wordpress\/wp-json\/wp\/v2\/types\/post"}],"author":[{"embeddable":true,"href":"https:\/\/sv-koerne83.de\/wordpress\/wp-json\/wp\/v2\/users\/2"}],"replies":[{"embeddable":true,"href":"https:\/\/sv-koerne83.de\/wordpress\/wp-json\/wp\/v2\/comments?post=3619"}],"version-history":[{"count":2,"href":"https:\/\/sv-koerne83.de\/wordpress\/wp-json\/wp\/v2\/posts\/3619\/revisions"}],"predecessor-version":[{"id":3621,"href":"https:\/\/sv-koerne83.de\/wordpress\/wp-json\/wp\/v2\/posts\/3619\/revisions\/3621"}],"wp:featuredmedia":[{"embeddable":true,"href":"https:\/\/sv-koerne83.de\/wordpress\/wp-json\/wp\/v2\/media\/3618"}],"wp:attachment":[{"href":"https:\/\/sv-koerne83.de\/wordpress\/wp-json\/wp\/v2\/media?parent=3619"}],"wp:term":[{"taxonomy":"category","embeddable":true,"href":"https:\/\/sv-koerne83.de\/wordpress\/wp-json\/wp\/v2\/categories?post=3619"},{"taxonomy":"post_tag","embeddable":true,"href":"https:\/\/sv-koerne83.de\/wordpress\/wp-json\/wp\/v2\/tags?post=3619"}],"curies":[{"name":"wp","href":"https:\/\/api.w.org\/{rel}","templated":true}]}}