{"id":3672,"date":"2025-02-13T10:56:11","date_gmt":"2025-02-13T09:56:11","guid":{"rendered":"https:\/\/sv-koerne83.de\/wordpress\/?p=3672"},"modified":"2025-02-13T10:56:12","modified_gmt":"2025-02-13T09:56:12","slug":"pokalspiele-fuer-d-und-e-jugend","status":"publish","type":"post","link":"https:\/\/sv-koerne83.de\/wordpress\/2025\/02\/13\/pokalspiele-fuer-d-und-e-jugend\/","title":{"rendered":"Pokalspiele f\u00fcr D- und E-Jugend"},"content":{"rendered":"\n<p>Am Samstag bestreitet unsere D- und E-Jugend die 1. Runde im diesj\u00e4hrigen Kreispokal. Unsere E1-Jugend trifft im Ausw\u00e4rtsspiel auf Preu\u00dfen L\u00fcnen. Die L\u00fcner belegen den 10. Platz in der Sonderklasse. Ansto\u00df am alten Postweg in L\u00fcnen ist um 12.00 Uhr.<\/p>\n\n\n\n<p>Unsere D1-Jugend empf\u00e4ngt im Heimspiel die Sportfreunde Nette. Die Netter f\u00fchren ihre Gruppe in der Aufstiegsrunde als Tabellenf\u00fchrer an und befinden sich auf dem Weg, ebenfalls in die Sonderklasse aufzusteigen. Ansto\u00df im heimischen Affenk\u00e4fig ist um 12.00 Uhr.<\/p>\n","protected":false},"excerpt":{"rendered":"<p>Am Samstag bestreitet unsere D- und E-Jugend die 1. Runde im diesj\u00e4hrigen Kreispokal. Unsere E1-Jugend trifft im Ausw\u00e4rtsspiel auf Preu\u00dfen L\u00fcnen. Die L\u00fcner belegen den 10. Platz in der Sonderklasse. [&hellip;]<\/p>\n","protected":false},"author":2,"featured_media":3670,"comment_status":"closed","ping_status":"open","sticky":false,"template":"","format":"standard","meta":{"_jetpack_memberships_contains_paid_content":false,"footnotes":""},"categories":[1],"tags":[],"class_list":["post-3672","post","type-post","status-publish","format-standard","has-post-thumbnail","hentry","category-allgemein"],"jetpack_sharing_enabled":true,"jetpack_featured_media_url":"https:\/\/sv-koerne83.de\/wordpress\/wp-content\/uploads\/2025\/02\/SVK_Spieltagsankuendigung_2024_2025_Topspiele-scaled.jpg","_links":{"self":[{"href":"https:\/\/sv-koerne83.de\/wordpress\/wp-json\/wp\/v2\/posts\/3672","targetHints":{"allow":["GET"]}}],"collection":[{"href":"https:\/\/sv-koerne83.de\/wordpress\/wp-json\/wp\/v2\/posts"}],"about":[{"href":"https:\/\/sv-koerne83.de\/wordpress\/wp-json\/wp\/v2\/types\/post"}],"author":[{"embeddable":true,"href":"https:\/\/sv-koerne83.de\/wordpress\/wp-json\/wp\/v2\/users\/2"}],"replies":[{"embeddable":true,"href":"https:\/\/sv-koerne83.de\/wordpress\/wp-json\/wp\/v2\/comments?post=3672"}],"version-history":[{"count":1,"href":"https:\/\/sv-koerne83.de\/wordpress\/wp-json\/wp\/v2\/posts\/3672\/revisions"}],"predecessor-version":[{"id":3673,"href":"https:\/\/sv-koerne83.de\/wordpress\/wp-json\/wp\/v2\/posts\/3672\/revisions\/3673"}],"wp:featuredmedia":[{"embeddable":true,"href":"https:\/\/sv-koerne83.de\/wordpress\/wp-json\/wp\/v2\/media\/3670"}],"wp:attachment":[{"href":"https:\/\/sv-koerne83.de\/wordpress\/wp-json\/wp\/v2\/media?parent=3672"}],"wp:term":[{"taxonomy":"category","embeddable":true,"href":"https:\/\/sv-koerne83.de\/wordpress\/wp-json\/wp\/v2\/categories?post=3672"},{"taxonomy":"post_tag","embeddable":true,"href":"https:\/\/sv-koerne83.de\/wordpress\/wp-json\/wp\/v2\/tags?post=3672"}],"curies":[{"name":"wp","href":"https:\/\/api.w.org\/{rel}","templated":true}]}}