{"id":3674,"date":"2025-02-14T08:41:46","date_gmt":"2025-02-14T07:41:46","guid":{"rendered":"https:\/\/sv-koerne83.de\/wordpress\/?p=3674"},"modified":"2025-02-14T08:41:47","modified_gmt":"2025-02-14T07:41:47","slug":"meisterschaftsspiele-im-seniorenbereich","status":"publish","type":"post","link":"https:\/\/sv-koerne83.de\/wordpress\/2025\/02\/14\/meisterschaftsspiele-im-seniorenbereich\/","title":{"rendered":"Meisterschaftsspiele im Seniorenbereich"},"content":{"rendered":"\n<p>Die Wintervorbereitung ist vorbei und f\u00fcr unsere Seniorenteams stehen am Sonntag wieder die ersten Meisterschaftsspiele an. Unsere 1. Mannschaft reist nach Benninghofen und trifft dort auf den Viertplatzierten H\u00f6rder SC. Das Hinspiel konnten die H\u00f6rder nur knapp mit 3:2 gewinnen. Der Siegtreffer fiel erst in der 94. Minute. Ansto\u00df auf dem Sportplatz Benninghofen ist um 15.15 Uhr.<\/p>\n\n\n\n<p>Ebenfalls um 15.15 Uhr empf\u00e4ngt unsere 2. Mannschaft das Team von TuRa Asseln. Die Asselner belegen aktuell den 7. Tabellenplatz und konnten aus den letzten 5 Spielen lediglich 2 Siege einfahren. Gespielt wird im heimischen Affenk\u00e4fig.<\/p>\n\n\n\n<p>Unsere 3. Mannschaft reist zum morgendlichen Ausw\u00e4rtsspiel zu den Dortmunder L\u00f6wen nach Brackel. Das Team von Trainer Tobias Schigowski trifft hier auf die Drittvertretung der L\u00f6wen. Diese belegen aktuell den 12. Tabellenplatz. Ansto\u00df am Brauksweg ist um 11.00 Uhr.<\/p>\n","protected":false},"excerpt":{"rendered":"<p>Die Wintervorbereitung ist vorbei und f\u00fcr unsere Seniorenteams stehen am Sonntag wieder die ersten Meisterschaftsspiele an. Unsere 1. Mannschaft reist nach Benninghofen und trifft dort auf den Viertplatzierten H\u00f6rder SC. [&hellip;]<\/p>\n","protected":false},"author":2,"featured_media":3671,"comment_status":"closed","ping_status":"open","sticky":false,"template":"","format":"standard","meta":{"_jetpack_memberships_contains_paid_content":false,"footnotes":""},"categories":[1],"tags":[],"class_list":["post-3674","post","type-post","status-publish","format-standard","has-post-thumbnail","hentry","category-allgemein"],"jetpack_sharing_enabled":true,"jetpack_featured_media_url":"https:\/\/sv-koerne83.de\/wordpress\/wp-content\/uploads\/2025\/02\/SVK_Spieltagsankuendigung_2024_2025_Topspiele2-scaled.jpg","_links":{"self":[{"href":"https:\/\/sv-koerne83.de\/wordpress\/wp-json\/wp\/v2\/posts\/3674","targetHints":{"allow":["GET"]}}],"collection":[{"href":"https:\/\/sv-koerne83.de\/wordpress\/wp-json\/wp\/v2\/posts"}],"about":[{"href":"https:\/\/sv-koerne83.de\/wordpress\/wp-json\/wp\/v2\/types\/post"}],"author":[{"embeddable":true,"href":"https:\/\/sv-koerne83.de\/wordpress\/wp-json\/wp\/v2\/users\/2"}],"replies":[{"embeddable":true,"href":"https:\/\/sv-koerne83.de\/wordpress\/wp-json\/wp\/v2\/comments?post=3674"}],"version-history":[{"count":1,"href":"https:\/\/sv-koerne83.de\/wordpress\/wp-json\/wp\/v2\/posts\/3674\/revisions"}],"predecessor-version":[{"id":3675,"href":"https:\/\/sv-koerne83.de\/wordpress\/wp-json\/wp\/v2\/posts\/3674\/revisions\/3675"}],"wp:featuredmedia":[{"embeddable":true,"href":"https:\/\/sv-koerne83.de\/wordpress\/wp-json\/wp\/v2\/media\/3671"}],"wp:attachment":[{"href":"https:\/\/sv-koerne83.de\/wordpress\/wp-json\/wp\/v2\/media?parent=3674"}],"wp:term":[{"taxonomy":"category","embeddable":true,"href":"https:\/\/sv-koerne83.de\/wordpress\/wp-json\/wp\/v2\/categories?post=3674"},{"taxonomy":"post_tag","embeddable":true,"href":"https:\/\/sv-koerne83.de\/wordpress\/wp-json\/wp\/v2\/tags?post=3674"}],"curies":[{"name":"wp","href":"https:\/\/api.w.org\/{rel}","templated":true}]}}