{"id":3680,"date":"2025-02-26T08:17:35","date_gmt":"2025-02-26T07:17:35","guid":{"rendered":"https:\/\/sv-koerne83.de\/wordpress\/?p=3680"},"modified":"2025-02-26T08:17:36","modified_gmt":"2025-02-26T07:17:36","slug":"halle-ist-doch-zweimal-im-jahr","status":"publish","type":"post","link":"https:\/\/sv-koerne83.de\/wordpress\/2025\/02\/26\/halle-ist-doch-zweimal-im-jahr\/","title":{"rendered":"Halle ist doch zweimal im Jahr"},"content":{"rendered":"\n<p>Am Samstag gibt es wieder Hallenfu\u00dfball! Unsere Altherren nehmen an der diesj\u00e4hrigen Hallenstadtmeisterschaft der \u00dc32-Mannschaften teil. In ihrer Gruppe trifft das Team auf den SV Berghofen, TuS Eving-Lindenhorst und VfB Westhofen. Gespielt wird ab 13.00 Uhr in der Halle Kreuzstra\u00dfe. Wir freuen uns auf einen riesigen Support in der Halle. Der Eintritt kostet lediglich 2,00 Euro.<\/p>\n","protected":false},"excerpt":{"rendered":"<p>Am Samstag gibt es wieder Hallenfu\u00dfball! Unsere Altherren nehmen an der diesj\u00e4hrigen Hallenstadtmeisterschaft der \u00dc32-Mannschaften teil. In ihrer Gruppe trifft das Team auf den SV Berghofen, TuS Eving-Lindenhorst und VfB [&hellip;]<\/p>\n","protected":false},"author":2,"featured_media":3682,"comment_status":"closed","ping_status":"open","sticky":false,"template":"","format":"standard","meta":{"_jetpack_memberships_contains_paid_content":false,"footnotes":""},"categories":[1],"tags":[],"class_list":["post-3680","post","type-post","status-publish","format-standard","has-post-thumbnail","hentry","category-allgemein"],"jetpack_sharing_enabled":true,"jetpack_featured_media_url":"https:\/\/sv-koerne83.de\/wordpress\/wp-content\/uploads\/2025\/02\/SVK_Spieltagsankuendigung_2024_2025_altherrenHSM-scaled.jpg","_links":{"self":[{"href":"https:\/\/sv-koerne83.de\/wordpress\/wp-json\/wp\/v2\/posts\/3680","targetHints":{"allow":["GET"]}}],"collection":[{"href":"https:\/\/sv-koerne83.de\/wordpress\/wp-json\/wp\/v2\/posts"}],"about":[{"href":"https:\/\/sv-koerne83.de\/wordpress\/wp-json\/wp\/v2\/types\/post"}],"author":[{"embeddable":true,"href":"https:\/\/sv-koerne83.de\/wordpress\/wp-json\/wp\/v2\/users\/2"}],"replies":[{"embeddable":true,"href":"https:\/\/sv-koerne83.de\/wordpress\/wp-json\/wp\/v2\/comments?post=3680"}],"version-history":[{"count":1,"href":"https:\/\/sv-koerne83.de\/wordpress\/wp-json\/wp\/v2\/posts\/3680\/revisions"}],"predecessor-version":[{"id":3681,"href":"https:\/\/sv-koerne83.de\/wordpress\/wp-json\/wp\/v2\/posts\/3680\/revisions\/3681"}],"wp:featuredmedia":[{"embeddable":true,"href":"https:\/\/sv-koerne83.de\/wordpress\/wp-json\/wp\/v2\/media\/3682"}],"wp:attachment":[{"href":"https:\/\/sv-koerne83.de\/wordpress\/wp-json\/wp\/v2\/media?parent=3680"}],"wp:term":[{"taxonomy":"category","embeddable":true,"href":"https:\/\/sv-koerne83.de\/wordpress\/wp-json\/wp\/v2\/categories?post=3680"},{"taxonomy":"post_tag","embeddable":true,"href":"https:\/\/sv-koerne83.de\/wordpress\/wp-json\/wp\/v2\/tags?post=3680"}],"curies":[{"name":"wp","href":"https:\/\/api.w.org\/{rel}","templated":true}]}}