{"id":3690,"date":"2025-03-19T08:41:59","date_gmt":"2025-03-19T07:41:59","guid":{"rendered":"https:\/\/sv-koerne83.de\/wordpress\/?p=3690"},"modified":"2025-03-19T08:42:01","modified_gmt":"2025-03-19T07:42:01","slug":"tabellenfuehrer-zu-gast-im-affenkaefig-2","status":"publish","type":"post","link":"https:\/\/sv-koerne83.de\/wordpress\/2025\/03\/19\/tabellenfuehrer-zu-gast-im-affenkaefig-2\/","title":{"rendered":"Tabellenf\u00fchrer zu Gast im Affenk\u00e4fig"},"content":{"rendered":"\n<p>Am Sonntag trifft unsere 1. Mannschaft auf den Tabellenf\u00fchrer der Kreisliga A. Der TuS Holzen-Sommerberg gastiert im Affenk\u00e4fig. Das Team aus dem Dortmunder S\u00fcden belegt mit 48 Punkten und einem Torverh\u00e4ltnis von 67:20 den 1. Tabellenplatz und gewann zuletzt ihr Duell gegen BW Alstedde mit 3:0. Zus\u00e4tzlich stellt Holzen-Sommerberg mit Dustin Pfeiffer einen der aktuell besten Torj\u00e4ger der Kreisliga A (22 Tore). Das Hinspiel konnte der Gast mit 7:0 klar f\u00fcr sich entscheiden. F\u00fcr unsere 1. Mannschaft gilt es, ihr positives Auftreten der letzten Wochen, wieder auf den Platz zu bringen und diesen Schwung im Heimspiel mitzunehmen. Ansto\u00df am Winkelriedweg ist um 15.15 Uhr. Wir sehen uns im Affenk\u00e4fig!<\/p>\n","protected":false},"excerpt":{"rendered":"<p>Am Sonntag trifft unsere 1. Mannschaft auf den Tabellenf\u00fchrer der Kreisliga A. Der TuS Holzen-Sommerberg gastiert im Affenk\u00e4fig. Das Team aus dem Dortmunder S\u00fcden belegt mit 48 Punkten und einem [&hellip;]<\/p>\n","protected":false},"author":2,"featured_media":3691,"comment_status":"closed","ping_status":"open","sticky":false,"template":"","format":"standard","meta":{"_jetpack_memberships_contains_paid_content":false,"footnotes":""},"categories":[1],"tags":[],"class_list":["post-3690","post","type-post","status-publish","format-standard","has-post-thumbnail","hentry","category-allgemein"],"jetpack_sharing_enabled":true,"jetpack_featured_media_url":"https:\/\/sv-koerne83.de\/wordpress\/wp-content\/uploads\/2025\/03\/SVK_Spieltagsankuendigung_2024_2025_Tabellenfuehrer-zu-Gast-scaled.jpg","_links":{"self":[{"href":"https:\/\/sv-koerne83.de\/wordpress\/wp-json\/wp\/v2\/posts\/3690","targetHints":{"allow":["GET"]}}],"collection":[{"href":"https:\/\/sv-koerne83.de\/wordpress\/wp-json\/wp\/v2\/posts"}],"about":[{"href":"https:\/\/sv-koerne83.de\/wordpress\/wp-json\/wp\/v2\/types\/post"}],"author":[{"embeddable":true,"href":"https:\/\/sv-koerne83.de\/wordpress\/wp-json\/wp\/v2\/users\/2"}],"replies":[{"embeddable":true,"href":"https:\/\/sv-koerne83.de\/wordpress\/wp-json\/wp\/v2\/comments?post=3690"}],"version-history":[{"count":1,"href":"https:\/\/sv-koerne83.de\/wordpress\/wp-json\/wp\/v2\/posts\/3690\/revisions"}],"predecessor-version":[{"id":3692,"href":"https:\/\/sv-koerne83.de\/wordpress\/wp-json\/wp\/v2\/posts\/3690\/revisions\/3692"}],"wp:featuredmedia":[{"embeddable":true,"href":"https:\/\/sv-koerne83.de\/wordpress\/wp-json\/wp\/v2\/media\/3691"}],"wp:attachment":[{"href":"https:\/\/sv-koerne83.de\/wordpress\/wp-json\/wp\/v2\/media?parent=3690"}],"wp:term":[{"taxonomy":"category","embeddable":true,"href":"https:\/\/sv-koerne83.de\/wordpress\/wp-json\/wp\/v2\/categories?post=3690"},{"taxonomy":"post_tag","embeddable":true,"href":"https:\/\/sv-koerne83.de\/wordpress\/wp-json\/wp\/v2\/tags?post=3690"}],"curies":[{"name":"wp","href":"https:\/\/api.w.org\/{rel}","templated":true}]}}