{"id":3695,"date":"2025-03-28T06:12:42","date_gmt":"2025-03-28T05:12:42","guid":{"rendered":"https:\/\/sv-koerne83.de\/wordpress\/?p=3695"},"modified":"2025-03-28T06:12:44","modified_gmt":"2025-03-28T05:12:44","slug":"happy-birthday-eddy","status":"publish","type":"post","link":"https:\/\/sv-koerne83.de\/wordpress\/2025\/03\/28\/happy-birthday-eddy\/","title":{"rendered":"HAPPY BIRTHDAY EDDY"},"content":{"rendered":"\n<p>70 Jahre Eddy Hoffmann.&nbsp;<\/p>\n\n\n\n<p>42 Jahre SV K\u00f6rne 83.&nbsp;<\/p>\n\n\n\n<p>40 Jahre 1. Vorsitzender.&nbsp;<\/p>\n\n\n\n<p>Du warst Platzwart, Verkaufsteam, Trainer, Betreuer, Linienrichter, Busfahrer, Wassertr\u00e4ger, Kummerkasten, Ideengeber, Macher und so vieles mehr. Selbst heute, mit 70 Jahren, bist du noch aktiv am Ball dabei.<\/p>\n\n\n\n<p>Heute feiern wir deinen 70. Geburtstag. Was w\u00e4re der SV K\u00f6rne ohne dich? Sicherlich nicht das, was er heute ist. Du hast so vieles bewegt und den Verein \u00fcber all die Jahre gefestigt, gef\u00fchrt und gro\u00df werden lassen. Der gesamte Verein w\u00fcnscht dir heute alles erdenklich Gute zu deinem Geburtstag.&nbsp;<\/p>\n\n\n\n<p>Wir w\u00fcnschen dir bleibende Gesundheit und weiterhin die Motivation alle deine Tr\u00e4ume wahr werden zu lassen. HAPPY BIRTHDAY EDDY<\/p>\n","protected":false},"excerpt":{"rendered":"<p>70 Jahre Eddy Hoffmann.&nbsp; 42 Jahre SV K\u00f6rne 83.&nbsp; 40 Jahre 1. Vorsitzender.&nbsp; Du warst Platzwart, Verkaufsteam, Trainer, Betreuer, Linienrichter, Busfahrer, Wassertr\u00e4ger, Kummerkasten, Ideengeber, Macher und so vieles mehr. Selbst [&hellip;]<\/p>\n","protected":false},"author":2,"featured_media":3694,"comment_status":"closed","ping_status":"open","sticky":false,"template":"","format":"standard","meta":{"_jetpack_memberships_contains_paid_content":false,"footnotes":""},"categories":[1],"tags":[],"class_list":["post-3695","post","type-post","status-publish","format-standard","has-post-thumbnail","hentry","category-allgemein"],"jetpack_sharing_enabled":true,"jetpack_featured_media_url":"https:\/\/sv-koerne83.de\/wordpress\/wp-content\/uploads\/2025\/03\/SVK_Eddy_70-scaled.jpg","_links":{"self":[{"href":"https:\/\/sv-koerne83.de\/wordpress\/wp-json\/wp\/v2\/posts\/3695","targetHints":{"allow":["GET"]}}],"collection":[{"href":"https:\/\/sv-koerne83.de\/wordpress\/wp-json\/wp\/v2\/posts"}],"about":[{"href":"https:\/\/sv-koerne83.de\/wordpress\/wp-json\/wp\/v2\/types\/post"}],"author":[{"embeddable":true,"href":"https:\/\/sv-koerne83.de\/wordpress\/wp-json\/wp\/v2\/users\/2"}],"replies":[{"embeddable":true,"href":"https:\/\/sv-koerne83.de\/wordpress\/wp-json\/wp\/v2\/comments?post=3695"}],"version-history":[{"count":1,"href":"https:\/\/sv-koerne83.de\/wordpress\/wp-json\/wp\/v2\/posts\/3695\/revisions"}],"predecessor-version":[{"id":3696,"href":"https:\/\/sv-koerne83.de\/wordpress\/wp-json\/wp\/v2\/posts\/3695\/revisions\/3696"}],"wp:featuredmedia":[{"embeddable":true,"href":"https:\/\/sv-koerne83.de\/wordpress\/wp-json\/wp\/v2\/media\/3694"}],"wp:attachment":[{"href":"https:\/\/sv-koerne83.de\/wordpress\/wp-json\/wp\/v2\/media?parent=3695"}],"wp:term":[{"taxonomy":"category","embeddable":true,"href":"https:\/\/sv-koerne83.de\/wordpress\/wp-json\/wp\/v2\/categories?post=3695"},{"taxonomy":"post_tag","embeddable":true,"href":"https:\/\/sv-koerne83.de\/wordpress\/wp-json\/wp\/v2\/tags?post=3695"}],"curies":[{"name":"wp","href":"https:\/\/api.w.org\/{rel}","templated":true}]}}