{"id":3702,"date":"2025-04-02T13:01:29","date_gmt":"2025-04-02T11:01:29","guid":{"rendered":"https:\/\/sv-koerne83.de\/wordpress\/?p=3702"},"modified":"2025-04-02T13:07:42","modified_gmt":"2025-04-02T11:07:42","slug":"auslosung-hsm","status":"publish","type":"post","link":"https:\/\/sv-koerne83.de\/wordpress\/2025\/04\/02\/auslosung-hsm\/","title":{"rendered":"Auslosung HSM"},"content":{"rendered":"\n<p>Am Montag wurden die Gruppen bei der diesj\u00e4hrigen Dortmunder Hallenstadtmeisterschaft der Jugendmannschaften ausgelost. <\/p>\n\n\n\n<p>Wir sind mit 6 Teams am Start. Unsere F-Jugend trifft in der Halle Brackel auf den SC Husen-Kurl, BV Brambauer, VfL Kemminghausen, Viktoria Kirchderne und Ugarit FC.<\/p>\n\n\n\n<p>Die E2-Jugend spielt in der Halle Hacheney gegen den FC Br\u00fcnninghausen II, VfL Kemminghausen II, VfR S\u00f6lde II, Wambeler SV II und H\u00f6rder SC II.<\/p>\n\n\n\n<p>Die D2-Jugend reist in die Halle Nette und trifft dort auf den SV Brackel 06 II, DJK SF Nette II, H\u00f6rder SC II, T\u00fcrkspor Dortmund II und ASC 09 Dortmund II.<\/p>\n\n\n\n<p>Die D1-Jugend spielt in der Halle Brackel gegen den Kirchh\u00f6rder SC, SC Husen-Kurl, TuS Eving-Lindehorst und SuS Oespel-Kley.<\/p>\n\n\n\n<p>Die C-Jugend reist ebenfalls in die Halle Nette und spielt gegen den Hombrucher SV, FC Br\u00fcnninghausen II, VfL Kemminghausen und BW Huckarde.<\/p>\n\n\n\n<p>Unsere B-Jugend tritt in der Halle Nette an und spielt hier gegen den FC Br\u00fcnninghausen II, TuS Deusen, TV Brechten und Hombrucher SV III.<\/p>\n\n\n\n<p>Die Vorrundenspieltag werden traditionell \u00fcber die Osterfeiertage vom 19. April bis zum 21. April ausgetragen. \u00dcber die genauen Zeiten informieren wir euch rechtzeitig.<\/p>\n","protected":false},"excerpt":{"rendered":"<p>Am Montag wurden die Gruppen bei der diesj\u00e4hrigen Dortmunder Hallenstadtmeisterschaft der Jugendmannschaften ausgelost. Wir sind mit 6 Teams am Start. Unsere F-Jugend trifft in der Halle Brackel auf den SC [&hellip;]<\/p>\n","protected":false},"author":2,"featured_media":3703,"comment_status":"closed","ping_status":"open","sticky":false,"template":"","format":"standard","meta":{"_jetpack_memberships_contains_paid_content":false,"footnotes":""},"categories":[1],"tags":[],"class_list":["post-3702","post","type-post","status-publish","format-standard","has-post-thumbnail","hentry","category-allgemein"],"jetpack_sharing_enabled":true,"jetpack_featured_media_url":"https:\/\/sv-koerne83.de\/wordpress\/wp-content\/uploads\/2025\/04\/JHSMTitelbild2025169JHSM.jpg","_links":{"self":[{"href":"https:\/\/sv-koerne83.de\/wordpress\/wp-json\/wp\/v2\/posts\/3702","targetHints":{"allow":["GET"]}}],"collection":[{"href":"https:\/\/sv-koerne83.de\/wordpress\/wp-json\/wp\/v2\/posts"}],"about":[{"href":"https:\/\/sv-koerne83.de\/wordpress\/wp-json\/wp\/v2\/types\/post"}],"author":[{"embeddable":true,"href":"https:\/\/sv-koerne83.de\/wordpress\/wp-json\/wp\/v2\/users\/2"}],"replies":[{"embeddable":true,"href":"https:\/\/sv-koerne83.de\/wordpress\/wp-json\/wp\/v2\/comments?post=3702"}],"version-history":[{"count":2,"href":"https:\/\/sv-koerne83.de\/wordpress\/wp-json\/wp\/v2\/posts\/3702\/revisions"}],"predecessor-version":[{"id":3705,"href":"https:\/\/sv-koerne83.de\/wordpress\/wp-json\/wp\/v2\/posts\/3702\/revisions\/3705"}],"wp:featuredmedia":[{"embeddable":true,"href":"https:\/\/sv-koerne83.de\/wordpress\/wp-json\/wp\/v2\/media\/3703"}],"wp:attachment":[{"href":"https:\/\/sv-koerne83.de\/wordpress\/wp-json\/wp\/v2\/media?parent=3702"}],"wp:term":[{"taxonomy":"category","embeddable":true,"href":"https:\/\/sv-koerne83.de\/wordpress\/wp-json\/wp\/v2\/categories?post=3702"},{"taxonomy":"post_tag","embeddable":true,"href":"https:\/\/sv-koerne83.de\/wordpress\/wp-json\/wp\/v2\/tags?post=3702"}],"curies":[{"name":"wp","href":"https:\/\/api.w.org\/{rel}","templated":true}]}}