{"id":3710,"date":"2025-04-11T08:52:07","date_gmt":"2025-04-11T06:52:07","guid":{"rendered":"https:\/\/sv-koerne83.de\/wordpress\/?p=3710"},"modified":"2025-04-11T08:52:09","modified_gmt":"2025-04-11T06:52:09","slug":"ehrlicher-fussball-am-samstag","status":"publish","type":"post","link":"https:\/\/sv-koerne83.de\/wordpress\/2025\/04\/11\/ehrlicher-fussball-am-samstag\/","title":{"rendered":"Ehrlicher Fu\u00dfball am Samstag"},"content":{"rendered":"\n<p>Am morgigen Samstag habt ihr die Chance zwei Ausw\u00e4rtsspiele von unseren Mannschaften zu sehen. Den Anfang macht unsere C-Jugend. Das Team von Trainer Yassir Bouzerda spielt ausw\u00e4rts beim Sportclub Husen-Kurl. Ansto\u00df im Eichwaldstadion ist um 12.00 Uhr. <\/p>\n\n\n\n<p>Danach k\u00f6nnt ihr zur traditionellen Fu\u00dfballzeit am Samstag unsere Altherren-Mannschaft supporten. Diese spielt gegen die Dortmunder L\u00f6wen. Ansto\u00df ist um 15.30 Uhr auf dem Sportplatz Brauksweg.<\/p>\n","protected":false},"excerpt":{"rendered":"<p>Am morgigen Samstag habt ihr die Chance zwei Ausw\u00e4rtsspiele von unseren Mannschaften zu sehen. Den Anfang macht unsere C-Jugend. Das Team von Trainer Yassir Bouzerda spielt ausw\u00e4rts beim Sportclub Husen-Kurl. [&hellip;]<\/p>\n","protected":false},"author":2,"featured_media":3711,"comment_status":"closed","ping_status":"open","sticky":false,"template":"","format":"standard","meta":{"_jetpack_memberships_contains_paid_content":false,"footnotes":""},"categories":[1],"tags":[],"class_list":["post-3710","post","type-post","status-publish","format-standard","has-post-thumbnail","hentry","category-allgemein"],"jetpack_sharing_enabled":true,"jetpack_featured_media_url":"https:\/\/sv-koerne83.de\/wordpress\/wp-content\/uploads\/2025\/04\/SVK_Spieltagsankuendigung_2024_2025_Samstag-scaled.jpg","_links":{"self":[{"href":"https:\/\/sv-koerne83.de\/wordpress\/wp-json\/wp\/v2\/posts\/3710","targetHints":{"allow":["GET"]}}],"collection":[{"href":"https:\/\/sv-koerne83.de\/wordpress\/wp-json\/wp\/v2\/posts"}],"about":[{"href":"https:\/\/sv-koerne83.de\/wordpress\/wp-json\/wp\/v2\/types\/post"}],"author":[{"embeddable":true,"href":"https:\/\/sv-koerne83.de\/wordpress\/wp-json\/wp\/v2\/users\/2"}],"replies":[{"embeddable":true,"href":"https:\/\/sv-koerne83.de\/wordpress\/wp-json\/wp\/v2\/comments?post=3710"}],"version-history":[{"count":1,"href":"https:\/\/sv-koerne83.de\/wordpress\/wp-json\/wp\/v2\/posts\/3710\/revisions"}],"predecessor-version":[{"id":3712,"href":"https:\/\/sv-koerne83.de\/wordpress\/wp-json\/wp\/v2\/posts\/3710\/revisions\/3712"}],"wp:featuredmedia":[{"embeddable":true,"href":"https:\/\/sv-koerne83.de\/wordpress\/wp-json\/wp\/v2\/media\/3711"}],"wp:attachment":[{"href":"https:\/\/sv-koerne83.de\/wordpress\/wp-json\/wp\/v2\/media?parent=3710"}],"wp:term":[{"taxonomy":"category","embeddable":true,"href":"https:\/\/sv-koerne83.de\/wordpress\/wp-json\/wp\/v2\/categories?post=3710"},{"taxonomy":"post_tag","embeddable":true,"href":"https:\/\/sv-koerne83.de\/wordpress\/wp-json\/wp\/v2\/tags?post=3710"}],"curies":[{"name":"wp","href":"https:\/\/api.w.org\/{rel}","templated":true}]}}