{"id":3723,"date":"2025-04-14T08:40:06","date_gmt":"2025-04-14T06:40:06","guid":{"rendered":"https:\/\/sv-koerne83.de\/wordpress\/?p=3723"},"modified":"2025-04-14T08:40:07","modified_gmt":"2025-04-14T06:40:07","slug":"d2-in-der-halle-nette","status":"publish","type":"post","link":"https:\/\/sv-koerne83.de\/wordpress\/2025\/04\/14\/d2-in-der-halle-nette\/","title":{"rendered":"D2 in der Halle Nette"},"content":{"rendered":"\n<p>Am kommenden Wochenende startet die Hallenstadtmeisterschaft der Jugendmannschaften. Unsere D2-Jugend macht am Samstag (19.04.) den Anfang und steigt ab 9.00 Uhr in der Sporthalle Nette ins Turnier ein.<\/p>\n\n\n\n<p>Das Team von den beiden Trainern Patrick Meinert und Munir Ben-Meryem trifft auf die Zweitvertretungen vom ASC 09 Dortmund, DJK SF Nette, H\u00f6rder SC, SV Brackel 06 und T\u00fcrkspor Dortmund. Um 12.30 Uhr bestreitet das Team ihr letztes Gruppenspiel, dann steht fest, ob man sich f\u00fcr die Endrunde qualifiziert hat. F\u00fcr die Endrunde qualifizieren sich die beiden erstplatzierten Mannschaften.<\/p>\n\n\n\n<p><\/p>\n","protected":false},"excerpt":{"rendered":"<p>Am kommenden Wochenende startet die Hallenstadtmeisterschaft der Jugendmannschaften. Unsere D2-Jugend macht am Samstag (19.04.) den Anfang und steigt ab 9.00 Uhr in der Sporthalle Nette ins Turnier ein. Das Team [&hellip;]<\/p>\n","protected":false},"author":2,"featured_media":3722,"comment_status":"closed","ping_status":"open","sticky":false,"template":"","format":"standard","meta":{"_jetpack_memberships_contains_paid_content":false,"footnotes":""},"categories":[1],"tags":[],"class_list":["post-3723","post","type-post","status-publish","format-standard","has-post-thumbnail","hentry","category-allgemein"],"jetpack_sharing_enabled":true,"jetpack_featured_media_url":"https:\/\/sv-koerne83.de\/wordpress\/wp-content\/uploads\/2025\/04\/SVK_Spieltagsankuendigung_2024_2025_Halle_D2-scaled.jpg","_links":{"self":[{"href":"https:\/\/sv-koerne83.de\/wordpress\/wp-json\/wp\/v2\/posts\/3723","targetHints":{"allow":["GET"]}}],"collection":[{"href":"https:\/\/sv-koerne83.de\/wordpress\/wp-json\/wp\/v2\/posts"}],"about":[{"href":"https:\/\/sv-koerne83.de\/wordpress\/wp-json\/wp\/v2\/types\/post"}],"author":[{"embeddable":true,"href":"https:\/\/sv-koerne83.de\/wordpress\/wp-json\/wp\/v2\/users\/2"}],"replies":[{"embeddable":true,"href":"https:\/\/sv-koerne83.de\/wordpress\/wp-json\/wp\/v2\/comments?post=3723"}],"version-history":[{"count":1,"href":"https:\/\/sv-koerne83.de\/wordpress\/wp-json\/wp\/v2\/posts\/3723\/revisions"}],"predecessor-version":[{"id":3724,"href":"https:\/\/sv-koerne83.de\/wordpress\/wp-json\/wp\/v2\/posts\/3723\/revisions\/3724"}],"wp:featuredmedia":[{"embeddable":true,"href":"https:\/\/sv-koerne83.de\/wordpress\/wp-json\/wp\/v2\/media\/3722"}],"wp:attachment":[{"href":"https:\/\/sv-koerne83.de\/wordpress\/wp-json\/wp\/v2\/media?parent=3723"}],"wp:term":[{"taxonomy":"category","embeddable":true,"href":"https:\/\/sv-koerne83.de\/wordpress\/wp-json\/wp\/v2\/categories?post=3723"},{"taxonomy":"post_tag","embeddable":true,"href":"https:\/\/sv-koerne83.de\/wordpress\/wp-json\/wp\/v2\/tags?post=3723"}],"curies":[{"name":"wp","href":"https:\/\/api.w.org\/{rel}","templated":true}]}}