{"id":3725,"date":"2025-04-15T07:25:57","date_gmt":"2025-04-15T05:25:57","guid":{"rendered":"https:\/\/sv-koerne83.de\/wordpress\/?p=3725"},"modified":"2025-04-15T07:44:11","modified_gmt":"2025-04-15T05:44:11","slug":"b-jugend-uebernimmt-in-der-halle-nette","status":"publish","type":"post","link":"https:\/\/sv-koerne83.de\/wordpress\/2025\/04\/15\/b-jugend-uebernimmt-in-der-halle-nette\/","title":{"rendered":"B-Jugend \u00fcbernimmt in der Halle Nette"},"content":{"rendered":"\n<p>Nachdem unsere D2-Jugend am Samstagmorgen in der Halle Nette die Hallenstadtmeisterschaft f\u00fcr unsere Teams er\u00f6ffnet hat, \u00fcbernimmt die B-Jugend am Mittag. Ab 14.30 Uhr beginnt das Turnier f\u00fcr das Team von Trainer Thomas Meier. In der Gruppe 2 warten die Gegner FC Br\u00fcnninghausen II, TV Brechten, TuS Deusen und Hombrucher SV III. Die beiden Erstplatzierten in der Tabelle qualifizieren sich f\u00fcr die Endrunde.<\/p>\n","protected":false},"excerpt":{"rendered":"<p>Nachdem unsere D2-Jugend am Samstagmorgen in der Halle Nette die Hallenstadtmeisterschaft f\u00fcr unsere Teams er\u00f6ffnet hat, \u00fcbernimmt die B-Jugend am Mittag. Ab 14.30 Uhr beginnt das Turnier f\u00fcr das Team [&hellip;]<\/p>\n","protected":false},"author":2,"featured_media":3726,"comment_status":"closed","ping_status":"open","sticky":false,"template":"","format":"standard","meta":{"_jetpack_memberships_contains_paid_content":false,"footnotes":""},"categories":[1],"tags":[],"class_list":["post-3725","post","type-post","status-publish","format-standard","has-post-thumbnail","hentry","category-allgemein"],"jetpack_sharing_enabled":true,"jetpack_featured_media_url":"https:\/\/sv-koerne83.de\/wordpress\/wp-content\/uploads\/2025\/04\/SVK_Spieltagsankuendigung_2024_2025_Halle_B-scaled.jpg","_links":{"self":[{"href":"https:\/\/sv-koerne83.de\/wordpress\/wp-json\/wp\/v2\/posts\/3725","targetHints":{"allow":["GET"]}}],"collection":[{"href":"https:\/\/sv-koerne83.de\/wordpress\/wp-json\/wp\/v2\/posts"}],"about":[{"href":"https:\/\/sv-koerne83.de\/wordpress\/wp-json\/wp\/v2\/types\/post"}],"author":[{"embeddable":true,"href":"https:\/\/sv-koerne83.de\/wordpress\/wp-json\/wp\/v2\/users\/2"}],"replies":[{"embeddable":true,"href":"https:\/\/sv-koerne83.de\/wordpress\/wp-json\/wp\/v2\/comments?post=3725"}],"version-history":[{"count":3,"href":"https:\/\/sv-koerne83.de\/wordpress\/wp-json\/wp\/v2\/posts\/3725\/revisions"}],"predecessor-version":[{"id":3729,"href":"https:\/\/sv-koerne83.de\/wordpress\/wp-json\/wp\/v2\/posts\/3725\/revisions\/3729"}],"wp:featuredmedia":[{"embeddable":true,"href":"https:\/\/sv-koerne83.de\/wordpress\/wp-json\/wp\/v2\/media\/3726"}],"wp:attachment":[{"href":"https:\/\/sv-koerne83.de\/wordpress\/wp-json\/wp\/v2\/media?parent=3725"}],"wp:term":[{"taxonomy":"category","embeddable":true,"href":"https:\/\/sv-koerne83.de\/wordpress\/wp-json\/wp\/v2\/categories?post=3725"},{"taxonomy":"post_tag","embeddable":true,"href":"https:\/\/sv-koerne83.de\/wordpress\/wp-json\/wp\/v2\/tags?post=3725"}],"curies":[{"name":"wp","href":"https:\/\/api.w.org\/{rel}","templated":true}]}}