{"id":3733,"date":"2025-04-17T07:38:48","date_gmt":"2025-04-17T05:38:48","guid":{"rendered":"https:\/\/sv-koerne83.de\/wordpress\/?p=3733"},"modified":"2025-04-17T07:38:50","modified_gmt":"2025-04-17T05:38:50","slug":"e2-reist-in-die-halle-hacheney","status":"publish","type":"post","link":"https:\/\/sv-koerne83.de\/wordpress\/2025\/04\/17\/e2-reist-in-die-halle-hacheney\/","title":{"rendered":"E2 reist in die Halle Hacheney"},"content":{"rendered":"\n<p>Am Sonntagmittag reist unsere E2-Jugend in die Halle Hacheney und tritt dort in der Vorrunde der diesj\u00e4hrigen Hallenstadtmeisterschaft an. Das Team von Trainer Steve Mae\u00dfe trifft ab 14.00 Uhr auf die Zweitvertretungen vom FC Br\u00fcnninghausen, H\u00f6rder SC, VfL Kemminghausen, VfR S\u00f6lde und Wambeler SV. Die Mannschaften auf den Tabellenpl\u00e4tzen 1 und 2 qualifizieren sich f\u00fcr die Endrunde.<\/p>\n","protected":false},"excerpt":{"rendered":"<p>Am Sonntagmittag reist unsere E2-Jugend in die Halle Hacheney und tritt dort in der Vorrunde der diesj\u00e4hrigen Hallenstadtmeisterschaft an. Das Team von Trainer Steve Mae\u00dfe trifft ab 14.00 Uhr auf [&hellip;]<\/p>\n","protected":false},"author":2,"featured_media":3734,"comment_status":"closed","ping_status":"open","sticky":false,"template":"","format":"standard","meta":{"_jetpack_memberships_contains_paid_content":false,"footnotes":""},"categories":[1],"tags":[],"class_list":["post-3733","post","type-post","status-publish","format-standard","has-post-thumbnail","hentry","category-allgemein"],"jetpack_sharing_enabled":true,"jetpack_featured_media_url":"https:\/\/sv-koerne83.de\/wordpress\/wp-content\/uploads\/2025\/04\/SVK_Spieltagsankuendigung_2024_2025_Halle_E2-scaled.jpg","_links":{"self":[{"href":"https:\/\/sv-koerne83.de\/wordpress\/wp-json\/wp\/v2\/posts\/3733","targetHints":{"allow":["GET"]}}],"collection":[{"href":"https:\/\/sv-koerne83.de\/wordpress\/wp-json\/wp\/v2\/posts"}],"about":[{"href":"https:\/\/sv-koerne83.de\/wordpress\/wp-json\/wp\/v2\/types\/post"}],"author":[{"embeddable":true,"href":"https:\/\/sv-koerne83.de\/wordpress\/wp-json\/wp\/v2\/users\/2"}],"replies":[{"embeddable":true,"href":"https:\/\/sv-koerne83.de\/wordpress\/wp-json\/wp\/v2\/comments?post=3733"}],"version-history":[{"count":1,"href":"https:\/\/sv-koerne83.de\/wordpress\/wp-json\/wp\/v2\/posts\/3733\/revisions"}],"predecessor-version":[{"id":3735,"href":"https:\/\/sv-koerne83.de\/wordpress\/wp-json\/wp\/v2\/posts\/3733\/revisions\/3735"}],"wp:featuredmedia":[{"embeddable":true,"href":"https:\/\/sv-koerne83.de\/wordpress\/wp-json\/wp\/v2\/media\/3734"}],"wp:attachment":[{"href":"https:\/\/sv-koerne83.de\/wordpress\/wp-json\/wp\/v2\/media?parent=3733"}],"wp:term":[{"taxonomy":"category","embeddable":true,"href":"https:\/\/sv-koerne83.de\/wordpress\/wp-json\/wp\/v2\/categories?post=3733"},{"taxonomy":"post_tag","embeddable":true,"href":"https:\/\/sv-koerne83.de\/wordpress\/wp-json\/wp\/v2\/tags?post=3733"}],"curies":[{"name":"wp","href":"https:\/\/api.w.org\/{rel}","templated":true}]}}